{"id":7029,"date":"2025-12-06T13:45:16","date_gmt":"2025-12-06T12:45:16","guid":{"rendered":"https:\/\/blogsaverroes.juntadeandalucia.es\/iesperezmercader\/?p=7029"},"modified":"2025-12-06T13:46:08","modified_gmt":"2025-12-06T12:46:08","slug":"aprender-ingles-con-antonio-orozco","status":"publish","type":"post","link":"https:\/\/blogsaverroes.juntadeandalucia.es\/iesperezmercader\/aprender-ingles-con-antonio-orozco\/","title":{"rendered":"Aprender ingl\u00e9s con Antonio Orozco"},"content":{"rendered":"<p>[et_pb_section fb_built=&#8221;1&#8243; _builder_version=&#8221;4.24.2&#8243; _module_preset=&#8221;default&#8221; global_colors_info=&#8221;{}&#8221;][et_pb_row _builder_version=&#8221;4.24.2&#8243; _module_preset=&#8221;default&#8221; global_colors_info=&#8221;{}&#8221;][et_pb_column type=&#8221;4_4&#8243; _builder_version=&#8221;4.24.2&#8243; _module_preset=&#8221;default&#8221; global_colors_info=&#8221;{}&#8221;][et_pb_text admin_label=&#8221;Texto&#8221; _builder_version=&#8221;4.24.2&#8243; _module_preset=&#8221;default&#8221; global_colors_info=&#8221;{}&#8221;]<\/p>\n<p>El alumnado de 1\u00ba de ESO del IES Juan Antonio P\u00e9rez Mercader, en Corrales, ha desarrollado este trimestre un proyecto interdisciplinar en torno a la figura del cantante&nbsp;<strong>Antonio Orozco<\/strong>, convirti\u00e9ndolo en eje para trabajar todo el vocabulario y la gram\u00e1tica del curso en la asignatura de Ingl\u00e9s. La iniciativa, impulsada por la profesora <strong>D\u00f1a. Isabel Flores<\/strong>, ha permitido integrar contenidos como la descripci\u00f3n f\u00edsica y de la ropa, la familia, as\u00ed como estructuras b\u00e1sicas \u2014<em>verb to be<\/em>,&nbsp;<em>have got<\/em>, presente simple o presente continuo\u2014 a partir de materiales y elementos relacionados con el artista y su entorno.<\/p>\n<p>El proyecto, titulado&nbsp;<strong>\u201cOur Hero\u201d<\/strong>, nace de la profunda admiraci\u00f3n que su docente siente por Orozco. Este 6 de diciembre s\u00e1bado, nuestros alumnos\/as sue\u00f1an con entregarle su proyecto en el concierto que dar\u00e1 en el Palacio de los Deportes de Carolina Mar\u00edn.<\/p>\n<p><a href=\"https:\/\/www.huelvainformacion.es\/provincia\/aprender-ingles-antonio-orozco-alumnos-ies-perez-mercader-huelva-suenan-entregarle-proyecto-concierto-sabado_0_2005394708.html#goog_rewarded\" target=\"_blank\" rel=\"noopener\"><strong><span style=\"color: #0000ff\">Enlace a la noticia en el Peri\u00f3dico Huelva Informaci\u00f3n.<\/span><\/strong><\/a><\/p>\n<p>Enhorabuena por este proyecto !!!<\/p>\n<p>[\/et_pb_text][et_pb_image src=&#8221;https:\/\/blogsaverroes.juntadeandalucia.es\/iesperezmercader\/files\/2025\/12\/Antoni-2.jpg&#8221; title_text=&#8221;Dise\u00f1o sin t\u00edtulo &#8211; 1&#8243; _builder_version=&#8221;4.24.2&#8243; _module_preset=&#8221;default&#8221; global_colors_info=&#8221;{}&#8221;][\/et_pb_image][\/et_pb_column][\/et_pb_row][\/et_pb_section]<\/p>\n","protected":false},"excerpt":{"rendered":"<p>El alumnado de 1\u00ba de ESO del IES Juan Antonio P\u00e9rez Mercader, en Corrales, ha desarrollado este trimestre un proyecto interdisciplinar en torno a la figura del cantante&nbsp;Antonio Orozco, convirti\u00e9ndolo en eje para trabajar todo el vocabulario y la gram\u00e1tica del curso en la asignatura de Ingl\u00e9s. La iniciativa, impulsada por la profesora D\u00f1a. Isabel [&hellip;]<\/p>\n","protected":false},"author":16057,"featured_media":7033,"comment_status":"closed","ping_status":"open","sticky":false,"template":"","format":"standard","meta":{"_et_pb_use_builder":"on","_et_pb_old_content":"","_et_gb_content_width":"","ngg_post_thumbnail":0,"footnotes":""},"categories":[4],"tags":[94,341,78],"aioseo_notices":[],"_links":{"self":[{"href":"https:\/\/blogsaverroes.juntadeandalucia.es\/iesperezmercader\/wp-json\/wp\/v2\/posts\/7029"}],"collection":[{"href":"https:\/\/blogsaverroes.juntadeandalucia.es\/iesperezmercader\/wp-json\/wp\/v2\/posts"}],"about":[{"href":"https:\/\/blogsaverroes.juntadeandalucia.es\/iesperezmercader\/wp-json\/wp\/v2\/types\/post"}],"author":[{"embeddable":true,"href":"https:\/\/blogsaverroes.juntadeandalucia.es\/iesperezmercader\/wp-json\/wp\/v2\/users\/16057"}],"replies":[{"embeddable":true,"href":"https:\/\/blogsaverroes.juntadeandalucia.es\/iesperezmercader\/wp-json\/wp\/v2\/comments?post=7029"}],"version-history":[{"count":4,"href":"https:\/\/blogsaverroes.juntadeandalucia.es\/iesperezmercader\/wp-json\/wp\/v2\/posts\/7029\/revisions"}],"predecessor-version":[{"id":7036,"href":"https:\/\/blogsaverroes.juntadeandalucia.es\/iesperezmercader\/wp-json\/wp\/v2\/posts\/7029\/revisions\/7036"}],"wp:featuredmedia":[{"embeddable":true,"href":"https:\/\/blogsaverroes.juntadeandalucia.es\/iesperezmercader\/wp-json\/wp\/v2\/media\/7033"}],"wp:attachment":[{"href":"https:\/\/blogsaverroes.juntadeandalucia.es\/iesperezmercader\/wp-json\/wp\/v2\/media?parent=7029"}],"wp:term":[{"taxonomy":"category","embeddable":true,"href":"https:\/\/blogsaverroes.juntadeandalucia.es\/iesperezmercader\/wp-json\/wp\/v2\/categories?post=7029"},{"taxonomy":"post_tag","embeddable":true,"href":"https:\/\/blogsaverroes.juntadeandalucia.es\/iesperezmercader\/wp-json\/wp\/v2\/tags?post=7029"}],"curies":[{"name":"wp","href":"https:\/\/api.w.org\/{rel}","templated":true}]}}