{"id":7059,"date":"2025-12-18T22:07:41","date_gmt":"2025-12-18T21:07:41","guid":{"rendered":"https:\/\/blogsaverroes.juntadeandalucia.es\/iesperezmercader\/?p=7059"},"modified":"2025-12-18T22:07:50","modified_gmt":"2025-12-18T21:07:50","slug":"torneo-de-ajedrez-navidad-ies-perez-mercader-25-26","status":"publish","type":"post","link":"https:\/\/blogsaverroes.juntadeandalucia.es\/iesperezmercader\/torneo-de-ajedrez-navidad-ies-perez-mercader-25-26\/","title":{"rendered":"Torneo de Ajedrez Navidad. IES P\u00e9rez Mercader 25\/26"},"content":{"rendered":"<p>[et_pb_section fb_built=&#8221;1&#8243; _builder_version=&#8221;4.24.2&#8243; _module_preset=&#8221;default&#8221; global_colors_info=&#8221;{}&#8221;][et_pb_row _builder_version=&#8221;4.24.2&#8243; _module_preset=&#8221;default&#8221; global_colors_info=&#8221;{}&#8221;][et_pb_column type=&#8221;4_4&#8243; _builder_version=&#8221;4.24.2&#8243; _module_preset=&#8221;default&#8221; global_colors_info=&#8221;{}&#8221;][et_pb_text _builder_version=&#8221;4.24.2&#8243; _module_preset=&#8221;default&#8221; global_colors_info=&#8221;{}&#8221;]<\/p>\n<p>En el d\u00eda de hoy se ha celebrado el <strong>&#8220;Torneo de Ajedrez Navidad P\u00e9rez Mercader 25\/26<\/strong>&#8221; en la Biblioteca del Centro.&nbsp;<\/p>\n<p>Gracias a la labor que el profesor <strong>D.<\/strong> <b>Luis Drago<\/b> est\u00e1 haciendo en el centro con el Ajedrez, se ha desarrollado este Torneo con una amplia participaci\u00f3n de alumnos y alumnas del centro. Se proclamo campe\u00f3n el alumno <strong>Oscar P\u00e9rez Carvajal<\/strong> <strong>4\u00ba ESO B<\/strong>, a quien acompa\u00f1aron en el podio el Subcampe\u00f3n <strong>\u00c1ngel Luj\u00e1n Iglesias 1\u00ba ESO D<\/strong>, y en Tercera posici\u00f3n <strong>Oriol V\u00edlchez Tierra 3\u00ba ESO B<\/strong>. Tambi\u00e9n se llev\u00f3 medalla de bronce <strong>Hugo L\u00f3pez Ruiz 4\u00ba ESO B<\/strong> que consigui\u00f3 empatar a puntos con el segundo y tercer clasificados. La entrega de trofeos tuvo lugar una vez finalizado el torneo.<\/p>\n<p>Enhorabuena a los campeones, y felicidades por la organizaci\u00f3n de este evento.<\/p>\n<p>[\/et_pb_text][et_pb_image src=&#8221;https:\/\/blogsaverroes.juntadeandalucia.es\/iesperezmercader\/files\/2025\/12\/IMG_4319.jpg&#8221; title_text=&#8221;IMG_4319&#8243; _builder_version=&#8221;4.24.2&#8243; _module_preset=&#8221;default&#8221; global_colors_info=&#8221;{}&#8221;][\/et_pb_image][et_pb_image src=&#8221;https:\/\/blogsaverroes.juntadeandalucia.es\/iesperezmercader\/files\/2025\/12\/IMG_4318.jpg&#8221; title_text=&#8221;IMG_4318&#8243; _builder_version=&#8221;4.24.2&#8243; _module_preset=&#8221;default&#8221; global_colors_info=&#8221;{}&#8221;][\/et_pb_image][et_pb_image src=&#8221;https:\/\/blogsaverroes.juntadeandalucia.es\/iesperezmercader\/files\/2025\/12\/IMG_4316.jpg&#8221; title_text=&#8221;IMG_4316&#8243; _builder_version=&#8221;4.24.2&#8243; _module_preset=&#8221;default&#8221; global_colors_info=&#8221;{}&#8221;][\/et_pb_image][\/et_pb_column][\/et_pb_row][\/et_pb_section]<\/p>\n","protected":false},"excerpt":{"rendered":"<p>En el d\u00eda de hoy se ha celebrado el &#8220;Torneo de Ajedrez Navidad P\u00e9rez Mercader 25\/26&#8221; en la Biblioteca del Centro.&nbsp; Gracias a la labor que el profesor D. Luis Drago est\u00e1 haciendo en el centro con el Ajedrez, se ha desarrollado este Torneo con una amplia participaci\u00f3n de alumnos y alumnas del centro. Se [&hellip;]<\/p>\n","protected":false},"author":16057,"featured_media":7065,"comment_status":"closed","ping_status":"open","sticky":false,"template":"","format":"standard","meta":{"_et_pb_use_builder":"on","_et_pb_old_content":"","_et_gb_content_width":"","ngg_post_thumbnail":0,"footnotes":""},"categories":[4],"tags":[187],"aioseo_notices":[],"_links":{"self":[{"href":"https:\/\/blogsaverroes.juntadeandalucia.es\/iesperezmercader\/wp-json\/wp\/v2\/posts\/7059"}],"collection":[{"href":"https:\/\/blogsaverroes.juntadeandalucia.es\/iesperezmercader\/wp-json\/wp\/v2\/posts"}],"about":[{"href":"https:\/\/blogsaverroes.juntadeandalucia.es\/iesperezmercader\/wp-json\/wp\/v2\/types\/post"}],"author":[{"embeddable":true,"href":"https:\/\/blogsaverroes.juntadeandalucia.es\/iesperezmercader\/wp-json\/wp\/v2\/users\/16057"}],"replies":[{"embeddable":true,"href":"https:\/\/blogsaverroes.juntadeandalucia.es\/iesperezmercader\/wp-json\/wp\/v2\/comments?post=7059"}],"version-history":[{"count":8,"href":"https:\/\/blogsaverroes.juntadeandalucia.es\/iesperezmercader\/wp-json\/wp\/v2\/posts\/7059\/revisions"}],"predecessor-version":[{"id":7074,"href":"https:\/\/blogsaverroes.juntadeandalucia.es\/iesperezmercader\/wp-json\/wp\/v2\/posts\/7059\/revisions\/7074"}],"wp:featuredmedia":[{"embeddable":true,"href":"https:\/\/blogsaverroes.juntadeandalucia.es\/iesperezmercader\/wp-json\/wp\/v2\/media\/7065"}],"wp:attachment":[{"href":"https:\/\/blogsaverroes.juntadeandalucia.es\/iesperezmercader\/wp-json\/wp\/v2\/media?parent=7059"}],"wp:term":[{"taxonomy":"category","embeddable":true,"href":"https:\/\/blogsaverroes.juntadeandalucia.es\/iesperezmercader\/wp-json\/wp\/v2\/categories?post=7059"},{"taxonomy":"post_tag","embeddable":true,"href":"https:\/\/blogsaverroes.juntadeandalucia.es\/iesperezmercader\/wp-json\/wp\/v2\/tags?post=7059"}],"curies":[{"name":"wp","href":"https:\/\/api.w.org\/{rel}","templated":true}]}}