{"id":7349,"date":"2026-04-18T12:49:30","date_gmt":"2026-04-18T11:49:30","guid":{"rendered":"https:\/\/blogsaverroes.juntadeandalucia.es\/iesperezmercader\/?p=7349"},"modified":"2026-04-18T12:52:45","modified_gmt":"2026-04-18T11:52:45","slug":"xli-olimpiada-matematica-thales","status":"publish","type":"post","link":"https:\/\/blogsaverroes.juntadeandalucia.es\/iesperezmercader\/xli-olimpiada-matematica-thales\/","title":{"rendered":"XLI Olimpiada Matem\u00e1tica Thales"},"content":{"rendered":"<p>[et_pb_section fb_built=&#8221;1&#8243; _builder_version=&#8221;4.24.2&#8243; _module_preset=&#8221;default&#8221; global_colors_info=&#8221;{}&#8221;][et_pb_row _builder_version=&#8221;4.24.2&#8243; _module_preset=&#8221;default&#8221; global_colors_info=&#8221;{}&#8221;][et_pb_column type=&#8221;4_4&#8243; _builder_version=&#8221;4.24.2&#8243; _module_preset=&#8221;default&#8221; global_colors_info=&#8221;{}&#8221;][et_pb_text _builder_version=&#8221;4.24.2&#8243; _module_preset=&#8221;default&#8221; global_colors_info=&#8221;{}&#8221;]<\/p>\n<p>Nuestra alumna Sara G\u00f3mez Mora, de 2\u00ba ESO E, ha quedado clasificada como uno de los cinco alumnos que representar\u00e1n en la olimpiada a la provincia de Huelva en la fase regional de la <strong>XLI Olimpiada Matem\u00e1ticas Thales<\/strong> que se celebrar\u00e1 entre el 7 y el 10 de mayo en C\u00f3rdoba. Estos resultados fueron comunicados el pasado mi\u00e9rcoles en la entrega de premios de la fase provincial de este certamen.<\/p>\n<p>Adem\u00e1s ha sido la ganadora del <strong>Premio Paco Anillo<\/strong> a la resoluci\u00f3n m\u00e1s ingeniosa de un problema.<\/p>\n<p>La S.A.E.M Thales organiza con el patrocinio de la Consejer\u00eda de Desarrollo Educativo y Formaci\u00f3n Profesional de la Junta de Andaluc\u00eda, la Fundaci\u00f3n Unicaja, Casio Divisi\u00f3n Educativa XLI<strong>&nbsp;Edici\u00f3n de la Olimpiada Matem\u00e1tica<\/strong>&nbsp;Thales&nbsp;dirigida al alumnado de 2\u00ba de E.S.O.<\/p>\n<p><strong>Enhorabuena Sara por sus fant\u00e1sticos resultados !!!!!!<\/strong> te deseamos mucha suerte en la fase regional.<\/p>\n<p>[\/et_pb_text][et_pb_image _builder_version=&#8221;4.24.2&#8243; _module_preset=&#8221;default&#8221; title_text=&#8221;PHOTO-2026-04-15-23-52-38&#8243; src=&#8221;https:\/\/blogsaverroes.juntadeandalucia.es\/iesperezmercader\/files\/2026\/04\/PHOTO-2026-04-15-23-52-38.jpg&#8221; hover_enabled=&#8221;0&#8243; sticky_enabled=&#8221;0&#8243;][\/et_pb_image][\/et_pb_column][\/et_pb_row][\/et_pb_section]<\/p>\n","protected":false},"excerpt":{"rendered":"<p>Nuestra alumna Sara G\u00f3mez Mora, de 2\u00ba ESO E, ha quedado clasificada como uno de los cinco alumnos que representar\u00e1n en la olimpiada a la provincia de Huelva en la fase regional de la XLI Olimpiada Matem\u00e1ticas Thales que se celebrar\u00e1 entre el 7 y el 10 de mayo en C\u00f3rdoba. Estos resultados fueron comunicados [&hellip;]<\/p>\n","protected":false},"author":16057,"featured_media":7352,"comment_status":"closed","ping_status":"open","sticky":false,"template":"","format":"standard","meta":{"_et_pb_use_builder":"on","_et_pb_old_content":"","_et_gb_content_width":"","ngg_post_thumbnail":0,"footnotes":""},"categories":[4],"tags":[215],"aioseo_notices":[],"_links":{"self":[{"href":"https:\/\/blogsaverroes.juntadeandalucia.es\/iesperezmercader\/wp-json\/wp\/v2\/posts\/7349"}],"collection":[{"href":"https:\/\/blogsaverroes.juntadeandalucia.es\/iesperezmercader\/wp-json\/wp\/v2\/posts"}],"about":[{"href":"https:\/\/blogsaverroes.juntadeandalucia.es\/iesperezmercader\/wp-json\/wp\/v2\/types\/post"}],"author":[{"embeddable":true,"href":"https:\/\/blogsaverroes.juntadeandalucia.es\/iesperezmercader\/wp-json\/wp\/v2\/users\/16057"}],"replies":[{"embeddable":true,"href":"https:\/\/blogsaverroes.juntadeandalucia.es\/iesperezmercader\/wp-json\/wp\/v2\/comments?post=7349"}],"version-history":[{"count":3,"href":"https:\/\/blogsaverroes.juntadeandalucia.es\/iesperezmercader\/wp-json\/wp\/v2\/posts\/7349\/revisions"}],"predecessor-version":[{"id":7354,"href":"https:\/\/blogsaverroes.juntadeandalucia.es\/iesperezmercader\/wp-json\/wp\/v2\/posts\/7349\/revisions\/7354"}],"wp:featuredmedia":[{"embeddable":true,"href":"https:\/\/blogsaverroes.juntadeandalucia.es\/iesperezmercader\/wp-json\/wp\/v2\/media\/7352"}],"wp:attachment":[{"href":"https:\/\/blogsaverroes.juntadeandalucia.es\/iesperezmercader\/wp-json\/wp\/v2\/media?parent=7349"}],"wp:term":[{"taxonomy":"category","embeddable":true,"href":"https:\/\/blogsaverroes.juntadeandalucia.es\/iesperezmercader\/wp-json\/wp\/v2\/categories?post=7349"},{"taxonomy":"post_tag","embeddable":true,"href":"https:\/\/blogsaverroes.juntadeandalucia.es\/iesperezmercader\/wp-json\/wp\/v2\/tags?post=7349"}],"curies":[{"name":"wp","href":"https:\/\/api.w.org\/{rel}","templated":true}]}}