{"id":2670,"date":"2020-11-16T12:33:09","date_gmt":"2020-11-16T12:33:09","guid":{"rendered":"https:\/\/blogsaverroes.juntadeandalucia.es\/iespinorueda\/?p=2670"},"modified":"2020-12-28T22:44:48","modified_gmt":"2020-12-28T22:44:48","slug":"dia-del-flamenco-16-de-noviembre","status":"publish","type":"post","link":"https:\/\/blogsaverroes.juntadeandalucia.es\/iespinorueda\/dia-del-flamenco-16-de-noviembre\/","title":{"rendered":"D\u00eda del flamenco &#8211; 16 de noviembre"},"content":{"rendered":"<p>El Flamenco es una de nuestras manifestaciones culturales m\u00e1s destacadas, avalada por la UNESCO mediante la incorporaci\u00f3n el d\u00eda 16 de noviembre de 2010 al Patrimonio Cultural Inmaterial de la Humanidad, y por el Consejo de Gobierno de la Junta de Andaluc\u00eda declarando dicho d\u00eda como D\u00eda del Flamenco en el \u00e1mbito de la Comunidad Aut\u00f3noma de Andaluc\u00eda.<\/p>\n<p>El claustro de profesores hemos querido hacer un gui\u00f1o a este d\u00eda.&nbsp;<\/p>\n<p><a href=\"https:\/\/blogsaverroes.juntadeandalucia.es\/iespinorueda\/files\/2020\/11\/Flamenco.jpg\"><img loading=\"lazy\" decoding=\"async\" class=\"aligncenter size-large wp-image-2672\" src=\"https:\/\/blogsaverroes.juntadeandalucia.es\/iespinorueda\/files\/2020\/11\/Flamenco-1024x949.jpg\" alt=\"\" width=\"1024\" height=\"949\" srcset=\"https:\/\/blogsaverroes.juntadeandalucia.es\/iespinorueda\/files\/2020\/11\/Flamenco-1024x949.jpg 1024w, https:\/\/blogsaverroes.juntadeandalucia.es\/iespinorueda\/files\/2020\/11\/Flamenco-300x278.jpg 300w, https:\/\/blogsaverroes.juntadeandalucia.es\/iespinorueda\/files\/2020\/11\/Flamenco-768x712.jpg 768w, https:\/\/blogsaverroes.juntadeandalucia.es\/iespinorueda\/files\/2020\/11\/Flamenco-24x22.jpg 24w, https:\/\/blogsaverroes.juntadeandalucia.es\/iespinorueda\/files\/2020\/11\/Flamenco-36x33.jpg 36w, https:\/\/blogsaverroes.juntadeandalucia.es\/iespinorueda\/files\/2020\/11\/Flamenco-48x45.jpg 48w, https:\/\/blogsaverroes.juntadeandalucia.es\/iespinorueda\/files\/2020\/11\/Flamenco.jpg 1264w\" sizes=\"(max-width: 1024px) 100vw, 1024px\" \/><\/a><\/p>\n<p>&nbsp;<\/p>\n<p><a href=\"https:\/\/blogsaverroes.juntadeandalucia.es\/iespinorueda\/files\/2020\/11\/Flamenco2.jpg\"><img loading=\"lazy\" decoding=\"async\" class=\"aligncenter size-large wp-image-2673\" src=\"https:\/\/blogsaverroes.juntadeandalucia.es\/iespinorueda\/files\/2020\/11\/Flamenco2-1024x651.jpg\" alt=\"\" width=\"1024\" height=\"651\" srcset=\"https:\/\/blogsaverroes.juntadeandalucia.es\/iespinorueda\/files\/2020\/11\/Flamenco2-1024x651.jpg 1024w, https:\/\/blogsaverroes.juntadeandalucia.es\/iespinorueda\/files\/2020\/11\/Flamenco2-300x191.jpg 300w, https:\/\/blogsaverroes.juntadeandalucia.es\/iespinorueda\/files\/2020\/11\/Flamenco2-768x488.jpg 768w, https:\/\/blogsaverroes.juntadeandalucia.es\/iespinorueda\/files\/2020\/11\/Flamenco2-1536x976.jpg 1536w, https:\/\/blogsaverroes.juntadeandalucia.es\/iespinorueda\/files\/2020\/11\/Flamenco2-24x15.jpg 24w, https:\/\/blogsaverroes.juntadeandalucia.es\/iespinorueda\/files\/2020\/11\/Flamenco2-36x23.jpg 36w, https:\/\/blogsaverroes.juntadeandalucia.es\/iespinorueda\/files\/2020\/11\/Flamenco2-48x30.jpg 48w, https:\/\/blogsaverroes.juntadeandalucia.es\/iespinorueda\/files\/2020\/11\/Flamenco2.jpg 1600w\" sizes=\"(max-width: 1024px) 100vw, 1024px\" \/><\/a><\/p>\n","protected":false},"excerpt":{"rendered":"<p>El Flamenco es una de nuestras manifestaciones culturales m\u00e1s destacadas, avalada por la UNESCO mediante la incorporaci\u00f3n el d\u00eda 16&#46;&#46;&#46;<\/p>\n","protected":false},"author":10306,"featured_media":2672,"comment_status":"open","ping_status":"open","sticky":false,"template":"","format":"standard","meta":{"ngg_post_thumbnail":0,"footnotes":""},"categories":[5991,526],"tags":[2351666,2351672],"aioseo_notices":[],"post_mailing_queue_ids":[],"_links":{"self":[{"href":"https:\/\/blogsaverroes.juntadeandalucia.es\/iespinorueda\/wp-json\/wp\/v2\/posts\/2670"}],"collection":[{"href":"https:\/\/blogsaverroes.juntadeandalucia.es\/iespinorueda\/wp-json\/wp\/v2\/posts"}],"about":[{"href":"https:\/\/blogsaverroes.juntadeandalucia.es\/iespinorueda\/wp-json\/wp\/v2\/types\/post"}],"author":[{"embeddable":true,"href":"https:\/\/blogsaverroes.juntadeandalucia.es\/iespinorueda\/wp-json\/wp\/v2\/users\/10306"}],"replies":[{"embeddable":true,"href":"https:\/\/blogsaverroes.juntadeandalucia.es\/iespinorueda\/wp-json\/wp\/v2\/comments?post=2670"}],"version-history":[{"count":1,"href":"https:\/\/blogsaverroes.juntadeandalucia.es\/iespinorueda\/wp-json\/wp\/v2\/posts\/2670\/revisions"}],"predecessor-version":[{"id":2674,"href":"https:\/\/blogsaverroes.juntadeandalucia.es\/iespinorueda\/wp-json\/wp\/v2\/posts\/2670\/revisions\/2674"}],"wp:featuredmedia":[{"embeddable":true,"href":"https:\/\/blogsaverroes.juntadeandalucia.es\/iespinorueda\/wp-json\/wp\/v2\/media\/2672"}],"wp:attachment":[{"href":"https:\/\/blogsaverroes.juntadeandalucia.es\/iespinorueda\/wp-json\/wp\/v2\/media?parent=2670"}],"wp:term":[{"taxonomy":"category","embeddable":true,"href":"https:\/\/blogsaverroes.juntadeandalucia.es\/iespinorueda\/wp-json\/wp\/v2\/categories?post=2670"},{"taxonomy":"post_tag","embeddable":true,"href":"https:\/\/blogsaverroes.juntadeandalucia.es\/iespinorueda\/wp-json\/wp\/v2\/tags?post=2670"}],"curies":[{"name":"wp","href":"https:\/\/api.w.org\/{rel}","templated":true}]}}