{"id":3043,"date":"2021-02-11T19:08:25","date_gmt":"2021-02-11T18:08:25","guid":{"rendered":"https:\/\/blogsaverroes.juntadeandalucia.es\/iespinorueda\/?p=3043"},"modified":"2021-02-11T19:08:25","modified_gmt":"2021-02-11T18:08:25","slug":"dia-internacional-de-la-mujer-y-la-nina-en-la-ciencia-11-de-febrero","status":"publish","type":"post","link":"https:\/\/blogsaverroes.juntadeandalucia.es\/iespinorueda\/dia-internacional-de-la-mujer-y-la-nina-en-la-ciencia-11-de-febrero\/","title":{"rendered":"D\u00eda Internacional de la Mujer y la Ni\u00f1a en la Ciencia. 11 de febrero"},"content":{"rendered":"<p>El 11 de febrero de cada a\u00f1o, se celebra el D\u00eda Internacional de la Mujer y la Ni\u00f1a en la Ciencia proclamado por la ONU en el a\u00f1o 2015. El objetivo principal de este d\u00eda tan especial, es lograr una mayor participaci\u00f3n e inclusi\u00f3n de las mujeres y las ni\u00f1as en el mundo de la ciencia, matem\u00e1ticas&nbsp; y la tecnolog\u00eda y de esta manera romper con la brecha de g\u00e9neros.<\/p>\n<p>Desde nuestro centro proponemos la visi\u00f3n de este documental y abrir un debate la respecto:<\/p>\n<p><a href=\"https:\/\/www.youtube.com\/watch?v=w1HSkl8kjG8&amp;feature=youtu.be\" target=\"_blank\" rel=\"noopener noreferrer\"><strong><span style=\"color: #000080\">CIENT\u00cdFICAS EN CORTO<\/span><\/strong><\/a><\/p>\n<p><strong><span style=\"color: #000080\"><a style=\"color: #000080\" href=\"https:\/\/www.youtube.com\/watch?v=Fx0ztzf-2V0\" target=\"_blank\" rel=\"noopener noreferrer\">#NoMoreMatildas<\/a><\/span><\/strong><\/p>\n","protected":false},"excerpt":{"rendered":"<p>El 11 de febrero de cada a\u00f1o, se celebra el D\u00eda Internacional de la Mujer y la Ni\u00f1a en la&#46;&#46;&#46;<\/p>\n","protected":false},"author":10306,"featured_media":3044,"comment_status":"open","ping_status":"open","sticky":false,"template":"","format":"standard","meta":{"ngg_post_thumbnail":0,"footnotes":""},"categories":[5991,25512,12185,25506,25510,2351655],"tags":[],"aioseo_notices":[],"post_mailing_queue_ids":[],"_links":{"self":[{"href":"https:\/\/blogsaverroes.juntadeandalucia.es\/iespinorueda\/wp-json\/wp\/v2\/posts\/3043"}],"collection":[{"href":"https:\/\/blogsaverroes.juntadeandalucia.es\/iespinorueda\/wp-json\/wp\/v2\/posts"}],"about":[{"href":"https:\/\/blogsaverroes.juntadeandalucia.es\/iespinorueda\/wp-json\/wp\/v2\/types\/post"}],"author":[{"embeddable":true,"href":"https:\/\/blogsaverroes.juntadeandalucia.es\/iespinorueda\/wp-json\/wp\/v2\/users\/10306"}],"replies":[{"embeddable":true,"href":"https:\/\/blogsaverroes.juntadeandalucia.es\/iespinorueda\/wp-json\/wp\/v2\/comments?post=3043"}],"version-history":[{"count":1,"href":"https:\/\/blogsaverroes.juntadeandalucia.es\/iespinorueda\/wp-json\/wp\/v2\/posts\/3043\/revisions"}],"predecessor-version":[{"id":3045,"href":"https:\/\/blogsaverroes.juntadeandalucia.es\/iespinorueda\/wp-json\/wp\/v2\/posts\/3043\/revisions\/3045"}],"wp:featuredmedia":[{"embeddable":true,"href":"https:\/\/blogsaverroes.juntadeandalucia.es\/iespinorueda\/wp-json\/wp\/v2\/media\/3044"}],"wp:attachment":[{"href":"https:\/\/blogsaverroes.juntadeandalucia.es\/iespinorueda\/wp-json\/wp\/v2\/media?parent=3043"}],"wp:term":[{"taxonomy":"category","embeddable":true,"href":"https:\/\/blogsaverroes.juntadeandalucia.es\/iespinorueda\/wp-json\/wp\/v2\/categories?post=3043"},{"taxonomy":"post_tag","embeddable":true,"href":"https:\/\/blogsaverroes.juntadeandalucia.es\/iespinorueda\/wp-json\/wp\/v2\/tags?post=3043"}],"curies":[{"name":"wp","href":"https:\/\/api.w.org\/{rel}","templated":true}]}}