{"id":3111,"date":"2021-02-26T19:16:08","date_gmt":"2021-02-26T18:16:08","guid":{"rendered":"https:\/\/blogsaverroes.juntadeandalucia.es\/iespinorueda\/?p=3111"},"modified":"2022-03-27T00:33:47","modified_gmt":"2022-03-26T23:33:47","slug":"vacunacion-profesorado-26feb","status":"publish","type":"post","link":"https:\/\/blogsaverroes.juntadeandalucia.es\/iespinorueda\/vacunacion-profesorado-26feb\/","title":{"rendered":"VACUNACI\u00d3N PROFESORADO. 26feb"},"content":{"rendered":"<p>El Viernes 26 de febrero nos han vacunado en el Ambulatorio de Sanlucar La Mayor, dentro del programa de vacunaci\u00f3n para el colectivo de docentes. A las 12:30h la 1\u00ba dosis. La 2\u00ba dosis en mayo. Es la vacuna de AstraZeneca. Esta vacuna esta indicada para menores de 55 a\u00f1os, que no hayan pasado el COVID en los anteriores 6 meses y cualquier contraindicaci\u00f3n que el m\u00e9dico estime oportuno.&nbsp;<\/p>\n<p>Ya estamos m\u00e1s cerca de superar esta pandemia.<\/p>\n<p><img loading=\"lazy\" decoding=\"async\" class=\"aligncenter size-full wp-image-3112\" src=\"https:\/\/blogsaverroes.juntadeandalucia.es\/iespinorueda\/files\/2021\/02\/1\u00ba-dosis-vacuna.gif\" alt=\"\" width=\"1206\" height=\"964\"\/><\/p>\n","protected":false},"excerpt":{"rendered":"<p>El Viernes 26 de febrero nos han vacunado en el Ambulatorio de Sanlucar La Mayor, dentro del programa de vacunaci\u00f3n&#46;&#46;&#46;<\/p>\n","protected":false},"author":10306,"featured_media":3115,"comment_status":"open","ping_status":"open","sticky":false,"template":"","format":"standard","meta":{"ngg_post_thumbnail":0,"footnotes":""},"categories":[1338828,526],"tags":[2351673],"aioseo_notices":[],"post_mailing_queue_ids":[],"_links":{"self":[{"href":"https:\/\/blogsaverroes.juntadeandalucia.es\/iespinorueda\/wp-json\/wp\/v2\/posts\/3111"}],"collection":[{"href":"https:\/\/blogsaverroes.juntadeandalucia.es\/iespinorueda\/wp-json\/wp\/v2\/posts"}],"about":[{"href":"https:\/\/blogsaverroes.juntadeandalucia.es\/iespinorueda\/wp-json\/wp\/v2\/types\/post"}],"author":[{"embeddable":true,"href":"https:\/\/blogsaverroes.juntadeandalucia.es\/iespinorueda\/wp-json\/wp\/v2\/users\/10306"}],"replies":[{"embeddable":true,"href":"https:\/\/blogsaverroes.juntadeandalucia.es\/iespinorueda\/wp-json\/wp\/v2\/comments?post=3111"}],"version-history":[{"count":5,"href":"https:\/\/blogsaverroes.juntadeandalucia.es\/iespinorueda\/wp-json\/wp\/v2\/posts\/3111\/revisions"}],"predecessor-version":[{"id":4295,"href":"https:\/\/blogsaverroes.juntadeandalucia.es\/iespinorueda\/wp-json\/wp\/v2\/posts\/3111\/revisions\/4295"}],"wp:featuredmedia":[{"embeddable":true,"href":"https:\/\/blogsaverroes.juntadeandalucia.es\/iespinorueda\/wp-json\/wp\/v2\/media\/3115"}],"wp:attachment":[{"href":"https:\/\/blogsaverroes.juntadeandalucia.es\/iespinorueda\/wp-json\/wp\/v2\/media?parent=3111"}],"wp:term":[{"taxonomy":"category","embeddable":true,"href":"https:\/\/blogsaverroes.juntadeandalucia.es\/iespinorueda\/wp-json\/wp\/v2\/categories?post=3111"},{"taxonomy":"post_tag","embeddable":true,"href":"https:\/\/blogsaverroes.juntadeandalucia.es\/iespinorueda\/wp-json\/wp\/v2\/tags?post=3111"}],"curies":[{"name":"wp","href":"https:\/\/api.w.org\/{rel}","templated":true}]}}