{"id":3250,"date":"2021-04-04T16:10:05","date_gmt":"2021-04-04T15:10:05","guid":{"rendered":"https:\/\/blogsaverroes.juntadeandalucia.es\/iespinorueda\/?p=3250"},"modified":"2021-04-04T16:18:20","modified_gmt":"2021-04-04T15:18:20","slug":"recordatorios-4-abril-21","status":"publish","type":"post","link":"https:\/\/blogsaverroes.juntadeandalucia.es\/iespinorueda\/recordatorios-4-abril-21\/","title":{"rendered":"RECORDATORIO. 4 abril 21&#8242;"},"content":{"rendered":"<p style=\"text-align: center\"><a href=\"https:\/\/blogsaverroes.juntadeandalucia.es\/iespinorueda\/files\/2021\/04\/Recordatorio-2.png\"><img loading=\"lazy\" decoding=\"async\" class=\"aligncenter size-large wp-image-3258\" src=\"https:\/\/blogsaverroes.juntadeandalucia.es\/iespinorueda\/files\/2021\/04\/Recordatorio-2-1024x819.png\" alt=\"\" width=\"709\" height=\"567\" srcset=\"https:\/\/blogsaverroes.juntadeandalucia.es\/iespinorueda\/files\/2021\/04\/Recordatorio-2-1024x819.png 1024w, https:\/\/blogsaverroes.juntadeandalucia.es\/iespinorueda\/files\/2021\/04\/Recordatorio-2-300x240.png 300w, https:\/\/blogsaverroes.juntadeandalucia.es\/iespinorueda\/files\/2021\/04\/Recordatorio-2-768x614.png 768w, https:\/\/blogsaverroes.juntadeandalucia.es\/iespinorueda\/files\/2021\/04\/Recordatorio-2-1536x1229.png 1536w, https:\/\/blogsaverroes.juntadeandalucia.es\/iespinorueda\/files\/2021\/04\/Recordatorio-2.png 1600w\" sizes=\"(max-width: 709px) 100vw, 709px\" \/><\/a><\/p>\n<ul>\n<li>REGRESO TURNOS SEMIPRESENCIALIDAD DESPU\u00c9S DE VACACIONES.- Se recuerda a las familias que los alumnos de 3\u00b0 y 4\u00b0 regresar\u00e1n a las clases el lunes 5 de abril en el tramo horario contrario al que tuvieran antes de irse de vacaciones.<a href=\"https:\/\/blogsaverroes.juntadeandalucia.es\/iespinorueda\/files\/2021\/04\/Autismo.jpg\"><img loading=\"lazy\" decoding=\"async\" class=\"wp-image-3252 alignleft\" src=\"https:\/\/blogsaverroes.juntadeandalucia.es\/iespinorueda\/files\/2021\/04\/Autismo.jpg\" alt=\"\" width=\"235\" height=\"236\" srcset=\"https:\/\/blogsaverroes.juntadeandalucia.es\/iespinorueda\/files\/2021\/04\/Autismo.jpg 642w, https:\/\/blogsaverroes.juntadeandalucia.es\/iespinorueda\/files\/2021\/04\/Autismo-300x300.jpg 300w, https:\/\/blogsaverroes.juntadeandalucia.es\/iespinorueda\/files\/2021\/04\/Autismo-150x150.jpg 150w\" sizes=\"(max-width: 235px) 100vw, 235px\" \/><\/a><\/li>\n<li>BOTELLAS DE AGUA.- Recordamos a las familias que es muy importante que los alumnos traigan siempre botella de agua individual al centro. Ahora que empieza el calor, ser\u00eda conveniente&nbsp; que trajeran dos, o una m\u00e1s grande. Las fuentes contin\u00faan clausuradas para minimizar la posibilidad de contagios por COVID-19, seg\u00fan establece la normativa.<\/li>\n<li>2 DE ABRIL. D\u00cdA MUNDIAL DE CONCIENCIACI\u00d3N SOBRE EL AUTISMO.- El proximo viernes 9 de abril haremos un directo en Youtube con nuestros alumnos mostrando sus talentos. Animaros a subcribiros para recibir las notificaciones frescas. https:\/\/www.youtube.com\/channel\/UCMRhyZb5GbJoN8UiJZ6Tccw<\/li>\n<\/ul>\n<p><a title=\"Youtube\" href=\"https:\/\/www.youtube.com\/channel\/UCMRhyZb5GbJoN8UiJZ6Tccw\" target=\"_blank\" rel=\"nofollow noopener noreferrer\"><img loading=\"lazy\" decoding=\"async\" class=\"wp-image-3251 alignright\" src=\"https:\/\/blogsaverroes.juntadeandalucia.es\/iespinorueda\/files\/2021\/04\/Banner-YT-1-1024x576.png\" alt=\"\" width=\"408\" height=\"230\" srcset=\"https:\/\/blogsaverroes.juntadeandalucia.es\/iespinorueda\/files\/2021\/04\/Banner-YT-1-1024x576.png 1024w, https:\/\/blogsaverroes.juntadeandalucia.es\/iespinorueda\/files\/2021\/04\/Banner-YT-1-300x169.png 300w, https:\/\/blogsaverroes.juntadeandalucia.es\/iespinorueda\/files\/2021\/04\/Banner-YT-1-768x432.png 768w, https:\/\/blogsaverroes.juntadeandalucia.es\/iespinorueda\/files\/2021\/04\/Banner-YT-1.png 1280w\" sizes=\"(max-width: 408px) 100vw, 408px\" \/><\/a><\/p>\n<p style=\"text-align: center\"><strong><a href=\"https:\/\/www.youtube.com\/channel\/UCMRhyZb5GbJoN8UiJZ6Tccw\">YOUTUBE<\/a><\/strong><\/p>\n<ul>\n<li>CAMPA\u00d1A ANUAL DE RECOGIDA DE ACEITE VEGETAL USADO.- Con el fin de fomentar entre nuestro alumnado el cuidado del medio ambiente a trav\u00e9s del reciclaje, se ha instalado en nuestro Centro un contenedor para la recogida de este producto. Se encuentra situado en la entrada principal del edificio.&nbsp;El alumno\/a que quiera colaborar en esta iniciativa, depositar\u00e1 el aceite en un envase de pl\u00e1stico bien cerrado y lo identificar\u00e1 con su nombre, curso y grupo.Con periodicidad quincenal o mensual, la empresa colaboradora seleccionar\u00e1 uno de los envases depositados en el contenedor. El envase seleccionado entrar\u00e1 en el sorteo de una &#8220;tablet&#8221;. EL sorteo se celebrar\u00e1 al final de cada curso escolar, y premiar\u00e1 de este modo la colaboraci\u00f3n del alumnado.Asimismo, la empresa se compromete a donar a la AMAPA 10 c\u00e9ntimos por cada litro de aceite usado que recoja.Animamos a toda la comunidad educativa a colaborar en este proyecto, que revierte en el bienestar de todos.<\/li>\n<li>RECORDATORIO TEL\u00c9FONO NOTIFICACI\u00d3N CASOS COVID.- El tel\u00e9fono es el 671 56 63 19. Es un tel\u00e9fono del instituto para que las familias notifiquen casos sospechosos o confirmados de sus hijos o convivientes, as\u00ed que como cuarentenas, si se las hubieran prescrito. Se ruega a las familias que tambi\u00e9n usen este tel\u00e9fono para comunicar sospechas finalmente descartadas o cuarentenas que hayan terminado. Con independencia de que hayan comunicado cualesquiera de estas situaciones al 671 56 63 19, las familias deben seguir justificando las faltas por el cauce habitual, es decir, Pasen.Gracias a todos por su colaboraci\u00f3n.<\/li>\n<li>\n<div>\n<div class=\"\" dir=\"auto\">\n<div id=\"jsc_c_85\" class=\"ecm0bbzt hv4rvrfc e5nlhep0 dati1w0a\" data-ad-comet-preview=\"message\" data-ad-preview=\"message\">\n<div class=\"j83agx80 cbu4d94t ew0dbk1b irj2b8pg\">\n<div class=\"qzhwtbm6 knvmm38d\">\n<div class=\"kvgmc6g5 cxmmr5t8 oygrvhab hcukyx3x c1et5uql ii04i59q\">\n<div dir=\"auto\">CONCURSO PORTADA AGENDA 2021\/22.- Nuestra AMPA Nuevo Horizonte anima a todos nuestros alumnos a participar en el concurso para elegir la portada de la agenda escolar 2021\/22. Pueden leerse leer las bases en el correo enviado a alumnos y en tabl\u00f3n de anuncios de Pasen.<\/div>\n<\/div>\n<\/div>\n<\/div>\n<\/div>\n<\/div>\n<\/div>\n<\/li>\n<\/ul>\n","protected":false},"excerpt":{"rendered":"<p>REGRESO TURNOS SEMIPRESENCIALIDAD DESPU\u00c9S DE VACACIONES.- Se recuerda a las familias que los alumnos de 3\u00b0 y 4\u00b0 regresar\u00e1n a&#46;&#46;&#46;<\/p>\n","protected":false},"author":10306,"featured_media":3258,"comment_status":"open","ping_status":"open","sticky":false,"template":"","format":"standard","meta":{"ngg_post_thumbnail":0,"footnotes":""},"categories":[784,1696,26636,526],"tags":[2351766,2351764,2351768,2351770],"aioseo_notices":[],"post_mailing_queue_ids":[],"_links":{"self":[{"href":"https:\/\/blogsaverroes.juntadeandalucia.es\/iespinorueda\/wp-json\/wp\/v2\/posts\/3250"}],"collection":[{"href":"https:\/\/blogsaverroes.juntadeandalucia.es\/iespinorueda\/wp-json\/wp\/v2\/posts"}],"about":[{"href":"https:\/\/blogsaverroes.juntadeandalucia.es\/iespinorueda\/wp-json\/wp\/v2\/types\/post"}],"author":[{"embeddable":true,"href":"https:\/\/blogsaverroes.juntadeandalucia.es\/iespinorueda\/wp-json\/wp\/v2\/users\/10306"}],"replies":[{"embeddable":true,"href":"https:\/\/blogsaverroes.juntadeandalucia.es\/iespinorueda\/wp-json\/wp\/v2\/comments?post=3250"}],"version-history":[{"count":5,"href":"https:\/\/blogsaverroes.juntadeandalucia.es\/iespinorueda\/wp-json\/wp\/v2\/posts\/3250\/revisions"}],"predecessor-version":[{"id":3256,"href":"https:\/\/blogsaverroes.juntadeandalucia.es\/iespinorueda\/wp-json\/wp\/v2\/posts\/3250\/revisions\/3256"}],"wp:featuredmedia":[{"embeddable":true,"href":"https:\/\/blogsaverroes.juntadeandalucia.es\/iespinorueda\/wp-json\/wp\/v2\/media\/3258"}],"wp:attachment":[{"href":"https:\/\/blogsaverroes.juntadeandalucia.es\/iespinorueda\/wp-json\/wp\/v2\/media?parent=3250"}],"wp:term":[{"taxonomy":"category","embeddable":true,"href":"https:\/\/blogsaverroes.juntadeandalucia.es\/iespinorueda\/wp-json\/wp\/v2\/categories?post=3250"},{"taxonomy":"post_tag","embeddable":true,"href":"https:\/\/blogsaverroes.juntadeandalucia.es\/iespinorueda\/wp-json\/wp\/v2\/tags?post=3250"}],"curies":[{"name":"wp","href":"https:\/\/api.w.org\/{rel}","templated":true}]}}