{"id":3547,"date":"2021-07-03T10:36:20","date_gmt":"2021-07-03T09:36:20","guid":{"rendered":"https:\/\/blogsaverroes.juntadeandalucia.es\/iespinorueda\/?p=3547"},"modified":"2021-07-06T18:46:26","modified_gmt":"2021-07-06T17:46:26","slug":"tutorial-matricula-en-eso","status":"publish","type":"post","link":"https:\/\/blogsaverroes.juntadeandalucia.es\/iespinorueda\/tutorial-matricula-en-eso\/","title":{"rendered":"IMPORTANTE: MATRICULA EN ESO"},"content":{"rendered":"<div class=\"kvgmc6g5 cxmmr5t8 oygrvhab hcukyx3x c1et5uql ii04i59q\">\n<div dir=\"auto\"><a href=\"https:\/\/blogsaverroes.juntadeandalucia.es\/iespinorueda\/files\/2021\/07\/matriculada.jpg\"><img loading=\"lazy\" decoding=\"async\" class=\" wp-image-3556 alignleft\" src=\"https:\/\/blogsaverroes.juntadeandalucia.es\/iespinorueda\/files\/2021\/07\/matriculada.jpg\" alt=\"\" width=\"264\" height=\"321\" srcset=\"https:\/\/blogsaverroes.juntadeandalucia.es\/iespinorueda\/files\/2021\/07\/matriculada.jpg 525w, https:\/\/blogsaverroes.juntadeandalucia.es\/iespinorueda\/files\/2021\/07\/matriculada-246x300.jpg 246w\" sizes=\"(max-width: 264px) 100vw, 264px\" \/><\/a><\/div>\n<h6>(Pinchar en el &#8220;READ POST&#8221; para desplegar toda la informaci\u00f3n de esta entrada)<\/h6>\n<p dir=\"auto\">\u2666 MATRICULACI\u00d3N. El periodo de matriculaci\u00f3n <strong>OBLIGATORIA<\/strong> y <strong>EXCLUSIVA<\/strong>&nbsp;para TODO el alumnado de la&nbsp; ESO es de <strong>1 al 12 de julio&nbsp;<\/strong>(No hay en septiembre).<\/p>\n<\/div>\n<div class=\"o9v6fnle cxmmr5t8 oygrvhab hcukyx3x c1et5uql ii04i59q\">\n<div dir=\"auto\">\u2666 Se formalizar\u00e1 matr\u00edcula a trav\u00e9s de <strong>Secretar\u00eda Virtual<\/strong> de los centros docentes andaluces, introduciendo clave iAnde del alumno.<\/div>\n<div dir=\"auto\">&nbsp;<\/div>\n<div dir=\"auto\"><a href=\"https:\/\/www.juntadeandalucia.es\/educacion\/secretariavirtual\/\" target=\"_blank\" rel=\"noopener noreferrer\">https:\/\/www.juntadeandalucia.es\/educacion\/secretariavirtual\/<\/a><\/div>\n<div dir=\"auto\">&nbsp;<\/div>\n<\/div>\n<div class=\"o9v6fnle cxmmr5t8 oygrvhab hcukyx3x c1et5uql ii04i59q\">\n<div dir=\"auto\">Las familias pueden encontrar la <strong>clave iAnde<\/strong> de cada uno de sus hijos pulsando en el icono de la parte superior derecha de la pantalla de inicio de iPasen (Ver V\u00eddeos m\u00e1s abajo)<\/div>\n<\/div>\n<div class=\"o9v6fnle cxmmr5t8 oygrvhab hcukyx3x c1et5uql ii04i59q\">\n<div dir=\"auto\">Deben rellenar los campos solicitados y subir los documentos pertinentes (sentencias de separaci\u00f3n\/divorcio, convenios reguladores, foto con primer plano del alumno, informes m\u00e9dicos relevantes&#8230;). Si les fuera imposible digitalizar estos documentos, podr\u00e1n entregarlos en papel del 1 al 9 de julio en la secretar\u00eda del centro. Deber\u00e1n ir metidos en sobre o funda de pl\u00e1stico con el nombre del alumno al que se refieran.<\/div>\n<div dir=\"auto\">\n<p>\u2666 En caso de duda el <strong>horario de secretaria<\/strong> en el mes de julio es de <strong>10:00 a 13:00 (L-V). <\/strong>&nbsp;Tel\u00e9fono: 955623340. Tambi\u00e9n por correo al <a class=\"rABsFf RffVmb AL18ce\" href=\"mailto:41701663.edu@juntadeandalucia.es\" target=\"_blank\" rel=\"noopener noreferrer\" data-tooltip-position=\"top\" data-tooltip=\"De tus contactos de Google\">41701663.edu@juntadeandalucia.es<\/a><\/p>\n<\/div>\n<\/div>\n<div class=\"o9v6fnle cxmmr5t8 oygrvhab hcukyx3x c1et5uql ii04i59q\">\n<div dir=\"auto\">\u2666 Los <strong>libros de 2\u00ba y 4\u00ba ESO<\/strong> se renuevan el pr\u00f3ximo curso 2021\/22. Se informar\u00e1 de todo lo relativo al cheque-libro m\u00e1s adelante.<\/div>\n<div dir=\"auto\">&nbsp;<\/div>\n<\/div>\n<div dir=\"auto\">\n<div class=\"kvgmc6g5 cxmmr5t8 oygrvhab hcukyx3x c1et5uql ii04i59q\">\n<div dir=\"auto\"><span style=\"color: #800000\"><strong>\u2666 ACLARACI\u00d3N SOBRE MATR\u00cdCULA<\/strong>. En el proceso de matriculaci\u00f3n electr\u00f3nica, a algunas familias les ha aparecido por error la opci\u00f3n de elegir ense\u00f1anzas no biling\u00fces. Esta opci\u00f3n no procede en nuestro centro, puesto que todos los niveles y grupos son biling\u00fces en las materias que correspondan.<\/span><\/div>\n<\/div>\n<div class=\"o9v6fnle cxmmr5t8 oygrvhab hcukyx3x c1et5uql ii04i59q\">\n<div dir=\"auto\"><span style=\"color: #800000\">SI ALGUNA FAMILIA HUBIESE ELEGIDO LA <strong>MODALIDAD NO BILING\u00dcE<\/strong>, SU SOBRE ELECTR\u00d3NICO PRESENTADO DE MATR\u00cdCULA SIGUE SIENDO V\u00c1LIDO. NO ES NECESARIO VOLVER A REALIZAR LA GESTI\u00d3N.<\/span><\/div>\n<\/div>\n<\/div>\n<hr \/>\n<hr \/>\n<p>\u2666 A continuaci\u00f3n compartimos varios video-tutoriales para ayudar a realizar la matricula online.<\/p>\n<p><strong>Para empezar:<\/strong><\/p>\n<p>[youtube https:\/\/www.youtube.com\/watch?v=ZCIk-7HDGVU]<\/p>\n<p><strong>Matr\u00edcula de 1\u00ba a 3\u00ba ESO:&nbsp;<\/strong><\/p>\n<p>(NOTA=&gt; Nuestro centro es <strong>BILING\u00dcE<\/strong>, as\u00ed que, por defecto, todos nuestros alumnos quedar\u00e1n matriculados en esta modalidad)<\/p>\n<p>[youtube https:\/\/www.youtube.com\/watch?v=wtaLrs9bWto]<\/p>\n<p><strong>Matr\u00edcula de 4\u00ba ESO:<\/strong><\/p>\n<p>[youtube https:\/\/www.youtube.com\/watch?v=vkGtbN9Qrbk]<\/p>\n<div class=\"kvgmc6g5 cxmmr5t8 oygrvhab hcukyx3x c1et5uql ii04i59q\">&nbsp;<\/div>\n<div dir=\"auto\">&nbsp;<\/div>\n<div dir=\"auto\">\n<div class=\"kvgmc6g5 cxmmr5t8 oygrvhab hcukyx3x c1et5uql ii04i59q\">&nbsp;<\/div>\n<div class=\"o9v6fnle cxmmr5t8 oygrvhab hcukyx3x c1et5uql ii04i59q\">\n<div dir=\"auto\">&nbsp;<\/div>\n<\/div>\n<\/div>\n","protected":false},"excerpt":{"rendered":"<p>(Pinchar en el &#8220;READ POST&#8221; para desplegar toda la informaci\u00f3n de esta entrada) \u2666 MATRICULACI\u00d3N. El periodo de matriculaci\u00f3n OBLIGATORIA&#46;&#46;&#46;<\/p>\n","protected":false},"author":10306,"featured_media":3548,"comment_status":"open","ping_status":"open","sticky":false,"template":"","format":"standard","meta":{"ngg_post_thumbnail":0,"footnotes":""},"categories":[1000142,526,2351656],"tags":[2351824],"aioseo_notices":[],"post_mailing_queue_ids":[],"_links":{"self":[{"href":"https:\/\/blogsaverroes.juntadeandalucia.es\/iespinorueda\/wp-json\/wp\/v2\/posts\/3547"}],"collection":[{"href":"https:\/\/blogsaverroes.juntadeandalucia.es\/iespinorueda\/wp-json\/wp\/v2\/posts"}],"about":[{"href":"https:\/\/blogsaverroes.juntadeandalucia.es\/iespinorueda\/wp-json\/wp\/v2\/types\/post"}],"author":[{"embeddable":true,"href":"https:\/\/blogsaverroes.juntadeandalucia.es\/iespinorueda\/wp-json\/wp\/v2\/users\/10306"}],"replies":[{"embeddable":true,"href":"https:\/\/blogsaverroes.juntadeandalucia.es\/iespinorueda\/wp-json\/wp\/v2\/comments?post=3547"}],"version-history":[{"count":25,"href":"https:\/\/blogsaverroes.juntadeandalucia.es\/iespinorueda\/wp-json\/wp\/v2\/posts\/3547\/revisions"}],"predecessor-version":[{"id":3582,"href":"https:\/\/blogsaverroes.juntadeandalucia.es\/iespinorueda\/wp-json\/wp\/v2\/posts\/3547\/revisions\/3582"}],"wp:featuredmedia":[{"embeddable":true,"href":"https:\/\/blogsaverroes.juntadeandalucia.es\/iespinorueda\/wp-json\/wp\/v2\/media\/3548"}],"wp:attachment":[{"href":"https:\/\/blogsaverroes.juntadeandalucia.es\/iespinorueda\/wp-json\/wp\/v2\/media?parent=3547"}],"wp:term":[{"taxonomy":"category","embeddable":true,"href":"https:\/\/blogsaverroes.juntadeandalucia.es\/iespinorueda\/wp-json\/wp\/v2\/categories?post=3547"},{"taxonomy":"post_tag","embeddable":true,"href":"https:\/\/blogsaverroes.juntadeandalucia.es\/iespinorueda\/wp-json\/wp\/v2\/tags?post=3547"}],"curies":[{"name":"wp","href":"https:\/\/api.w.org\/{rel}","templated":true}]}}