{"id":4080,"date":"2022-02-24T08:00:54","date_gmt":"2022-02-24T07:00:54","guid":{"rendered":"https:\/\/blogsaverroes.juntadeandalucia.es\/iespinorueda\/?p=4080"},"modified":"2022-02-28T19:10:03","modified_gmt":"2022-02-28T18:10:03","slug":"dia-de-andalucia-28-febrero-2022","status":"publish","type":"post","link":"https:\/\/blogsaverroes.juntadeandalucia.es\/iespinorueda\/dia-de-andalucia-28-febrero-2022\/","title":{"rendered":"D\u00cdA DE ANDALUC\u00cdA.- 28 febrero 2022"},"content":{"rendered":"<p style=\"text-align: center\">[youtube https:\/\/www.youtube.com\/watch?v=liY8yeyngew]&nbsp;<\/p>\n<p>Grupo de estudiantes y profesoras rinden un peque\u00f1o homenaje con mucho cari\u00f1o a nuestra cultura andaluza. &nbsp;En \u00e9l se funden poes\u00eda y m\u00fasica a trav\u00e9s del flamenco.<\/p>\n<h1 style=\"text-align: center\"><span style=\"color: #003300\">\u00a1Feliz d\u00eda de Andaluc\u00eda!<\/span><\/h1>\n<p>*Direcci\u00f3n y edici\u00f3n musical= Vanesa Franco Gonz\u00e1lez.<\/p>\n<p>*Dpto. de lengua= Ang\u00e9lica Ruiz y Sof\u00eda Carballido.<\/p>\n<p>*Dpto. de orientaci\u00f3n= Inmaculada Pe\u00f1a Fern\u00e1ndez&nbsp; y Mayte Garc\u00eda Saavedra.<\/p>\n<p>*Estudiantes= Sara Ram\u00edrez, Sinuh\u00e9 P\u00e9rez, Nuria Le\u00f3n, Amador Pichardo, Alejandro Garc\u00eda, Gonzalo Ruiz y Paula Llorente.<\/p>\n<hr \/>\n<h3>1.- <span style=\"color: #003300\"><strong>Baladilla de los tres r\u00edos<\/strong><\/span> &#8211; <span style=\"text-decoration: underline\">Federico Garc\u00eda Lorca<\/span>&nbsp;<\/h3>\n<p style=\"text-align: center\">El r\u00edo Guadalquivir va entre naranjos y olivos.<\/p>\n<p style=\"text-align: center\">Los dos r\u00edos de Granada bajan de la nieve al trigo.<\/p>\n<p style=\"text-align: center\">\u00a1Ay, amor que se fue y no vino!<\/p>\n<p style=\"text-align: center\">El r\u00edo Guadalquivir tiene las barbas granates.<\/p>\n<p style=\"text-align: center\">Los dos r\u00edos de Granada uno llanto y otro sangre.<\/p>\n<p style=\"text-align: center\">\u00a1Ay, amor que se fue por el aire!<\/p>\n<p style=\"text-align: center\">Para los barcos de vela, Sevilla tiene un camino;<\/p>\n<p style=\"text-align: center\">por el agua de Granada s\u00f3lo reman los suspiros.<\/p>\n<p style=\"text-align: center\">\u00a1Ay, amor que se fue y no vino!<\/p>\n<p style=\"text-align: center\">Guadalquivir, alta torre y viento en los naranjales.<\/p>\n<p style=\"text-align: center\">Dauro y Genil, torrecillas muertas sobre los estanques,<\/p>\n<p style=\"text-align: center\">\u00a1Ay, amor que se fue por el aire!<\/p>\n<p style=\"text-align: center\">\u00a1Qui\u00e9n dir\u00e1 que el agua lleva un fuego fatuo de gritos!<\/p>\n<p style=\"text-align: center\">Ay, amor que se fue y no vino!<\/p>\n<p style=\"text-align: center\">Lleva azahar, lleva olivas, Andaluc\u00eda, a tus mares.<\/p>\n<p style=\"text-align: center\">\u00a1Ay, amor que se fue por el aire!<\/p>\n<hr \/>\n<p>2.- <span style=\"color: #003300\"><strong>Los cuatro muleros<\/strong><\/span> es una canci\u00f3n popular espa\u00f1ola. Fue recogida por Federico Garc\u00eda Lorca en su Colecci\u00f3n de Canciones Populares Espa\u00f1olas.<\/p>\n<p style=\"text-align: center\">De los cuatro muleros<\/p>\n<p style=\"text-align: center\">iDe los cuatro muleros<\/p>\n<p style=\"text-align: center\">De los cuatro muleros, mamita m\u00eda<\/p>\n<p style=\"text-align: center\">Que van al agua,&nbsp;que van al agua<\/p>\n<p style=\"text-align: center\">El de la mula torda<\/p>\n<p style=\"text-align: center\">El de la mula torda<\/p>\n<p style=\"text-align: center\">El de la mula torda, mamita m\u00eda<\/p>\n<p style=\"text-align: center\">Me roba el alma,&nbsp;me roba el alma<\/p>\n<p style=\"text-align: center\">De los cuatro muleros<\/p>\n<p style=\"text-align: center\">De los cuatro muleros<\/p>\n<p style=\"text-align: center\">De los cuatro muleros,&nbsp;mamita m\u00eda<\/p>\n<p style=\"text-align: center\">Que van al r\u00edo,&nbsp;que van al r\u00edo<\/p>\n<p style=\"text-align: center\">El de la mula torda<\/p>\n<p style=\"text-align: center\">El de la mula torda<\/p>\n<p style=\"text-align: center\">El de la mula torda,&nbsp;mamita m\u00eda<\/p>\n<p style=\"text-align: center\">Es mi mar\u00edo,&nbsp;es mi mar\u00edo<\/p>\n<p style=\"text-align: center\">\u00bfA qu\u00e9 buscas la lumbre?<\/p>\n<p style=\"text-align: center\">\u00bfA qu\u00e9 buscas la lumbre?<\/p>\n<p style=\"text-align: center\">\u00bfA qu\u00e9 buscas la lumbre?,&nbsp;mamita m\u00eda<\/p>\n<p style=\"text-align: center\">A la calle arriba,&nbsp;a la calle arriba<\/p>\n<p style=\"text-align: center\">Si de tu cara sale<\/p>\n<p style=\"text-align: center\">Si de tu cara sale<\/p>\n<p style=\"text-align: center\">Si de tu cara sale,&nbsp;mamita m\u00eda<\/p>\n<p style=\"text-align: center\">La brasa viva,&nbsp;la brasa viva<\/p>\n<p style=\"text-align: center\">Si de tu cara sale,&nbsp;mamita m\u00eda<\/p>\n<p style=\"text-align: center\">La brasa viva,&nbsp;la brasa viva<\/p>\n<p style=\"text-align: center\">De los cuatro muleros<\/p>\n<p style=\"text-align: center\">De los cuatro muleros<\/p>\n<p style=\"text-align: center\">De los cuatro muleros,&nbsp;mamita m\u00eda<\/p>\n<p style=\"text-align: center\">Que van al agua,&nbsp;que van al agua<\/p>\n<p style=\"text-align: center\">El de la mula torda<\/p>\n<p style=\"text-align: center\">El de la mula torda<\/p>\n<p style=\"text-align: center\">El de la mula torda, mamita m\u00eda<\/p>\n<p style=\"text-align: center\">Me roba el alma, me roba el alma<\/p>\n<p style=\"text-align: center\">De los cuatro muleros<\/p>\n<p style=\"text-align: center\">De los cuatro muleros<\/p>\n<p style=\"text-align: center\">De los cuatro muleros, mamita m\u00eda<\/p>\n<p style=\"text-align: center\">Que van al r\u00edo, que van al r\u00edo<\/p>\n<p style=\"text-align: center\">El de la mula torda<\/p>\n<p style=\"text-align: center\">El de la mula torda<\/p>\n<p style=\"text-align: center\">El de la mula torda, mamita m\u00eda<\/p>\n<p style=\"text-align: center\">Es mi mar\u00edo, es mi mar\u00edo<\/p>\n<p style=\"text-align: center\">\u00bfA qu\u00e9 buscas la lumbre?<\/p>\n<p style=\"text-align: center\">\u00bfA qu\u00e9 buscas la lumbre?<\/p>\n<p style=\"text-align: center\">\u00bfA qu\u00e9 buscas la lumbre?, mamita m\u00eda<\/p>\n<p style=\"text-align: center\">A la calle arriba, a la calle arriba<\/p>\n<p style=\"text-align: center\">Si de tu cara sale<\/p>\n<p style=\"text-align: center\">Si de tu cara sale<\/p>\n<p style=\"text-align: center\">Si de tu cara sale, mamita m\u00eda<\/p>\n<p style=\"text-align: center\">La brasa viva, la brasa viva<\/p>\n<p style=\"text-align: center\">Si de tu cara sale, mamita m\u00eda<\/p>\n<p style=\"text-align: center\">La brasa viva, la brasa viva.<\/p>\n<hr \/>\n<p>3.- <span style=\"color: #003300\"><strong>El vito<\/strong><\/span>.- Es un baile, canto y m\u00fasica popular de Andaluc\u00eda, cuyo nombre hace alusi\u00f3n a la enfermedad llamada baile de San Vito,1\u200b por el car\u00e1cter animado y vivo de esta danza. La melod\u00eda del vito se ejecuta en comp\u00e1s de 3\/8. Usa la escala menor arm\u00f3nica para los motivos ascendentes y el modo frigio, que es el modo m\u00e1s caracter\u00edstico de la m\u00fasica andaluza, para los motivos descendentes, lo que genera un acompa\u00f1amiento arm\u00f3nico basado en la cadencia andaluza.<\/p>\n","protected":false},"excerpt":{"rendered":"<p>[youtube https:\/\/www.youtube.com\/watch?v=liY8yeyngew]&nbsp; Grupo de estudiantes y profesoras rinden un peque\u00f1o homenaje con mucho cari\u00f1o a nuestra cultura andaluza. &nbsp;En \u00e9l&#46;&#46;&#46;<\/p>\n","protected":false},"author":10306,"featured_media":4082,"comment_status":"open","ping_status":"open","sticky":false,"template":"","format":"standard","meta":{"ngg_post_thumbnail":0,"footnotes":""},"categories":[5991,25505,25507,25510],"tags":[2351900,2351749],"aioseo_notices":[],"post_mailing_queue_ids":[],"_links":{"self":[{"href":"https:\/\/blogsaverroes.juntadeandalucia.es\/iespinorueda\/wp-json\/wp\/v2\/posts\/4080"}],"collection":[{"href":"https:\/\/blogsaverroes.juntadeandalucia.es\/iespinorueda\/wp-json\/wp\/v2\/posts"}],"about":[{"href":"https:\/\/blogsaverroes.juntadeandalucia.es\/iespinorueda\/wp-json\/wp\/v2\/types\/post"}],"author":[{"embeddable":true,"href":"https:\/\/blogsaverroes.juntadeandalucia.es\/iespinorueda\/wp-json\/wp\/v2\/users\/10306"}],"replies":[{"embeddable":true,"href":"https:\/\/blogsaverroes.juntadeandalucia.es\/iespinorueda\/wp-json\/wp\/v2\/comments?post=4080"}],"version-history":[{"count":3,"href":"https:\/\/blogsaverroes.juntadeandalucia.es\/iespinorueda\/wp-json\/wp\/v2\/posts\/4080\/revisions"}],"predecessor-version":[{"id":4086,"href":"https:\/\/blogsaverroes.juntadeandalucia.es\/iespinorueda\/wp-json\/wp\/v2\/posts\/4080\/revisions\/4086"}],"wp:featuredmedia":[{"embeddable":true,"href":"https:\/\/blogsaverroes.juntadeandalucia.es\/iespinorueda\/wp-json\/wp\/v2\/media\/4082"}],"wp:attachment":[{"href":"https:\/\/blogsaverroes.juntadeandalucia.es\/iespinorueda\/wp-json\/wp\/v2\/media?parent=4080"}],"wp:term":[{"taxonomy":"category","embeddable":true,"href":"https:\/\/blogsaverroes.juntadeandalucia.es\/iespinorueda\/wp-json\/wp\/v2\/categories?post=4080"},{"taxonomy":"post_tag","embeddable":true,"href":"https:\/\/blogsaverroes.juntadeandalucia.es\/iespinorueda\/wp-json\/wp\/v2\/tags?post=4080"}],"curies":[{"name":"wp","href":"https:\/\/api.w.org\/{rel}","templated":true}]}}