{"id":4691,"date":"2022-10-03T14:25:10","date_gmt":"2022-10-03T13:25:10","guid":{"rendered":"https:\/\/blogsaverroes.juntadeandalucia.es\/iespinorueda\/?p=4691"},"modified":"2022-10-03T14:25:10","modified_gmt":"2022-10-03T13:25:10","slug":"variosvacunas-documentacion","status":"publish","type":"post","link":"https:\/\/blogsaverroes.juntadeandalucia.es\/iespinorueda\/variosvacunas-documentacion\/","title":{"rendered":"VARIOS:Vacunas, Documentaci\u00f3n,"},"content":{"rendered":"<ol>\n<li>Desde la Consejer\u00eda de Salud se nos pide que hagamos llegar a las familias informaci\u00f3n sobre la <strong>VACUNACI\u00d3N FRENTE AL MENINGITIS<\/strong>&nbsp;(j\u00f3venes 15 a 18 a\u00f1os) .<\/li>\n<\/ol>\n<p>&nbsp;<\/p>\n<p><a href=\"https:\/\/blogsaverroes.juntadeandalucia.es\/iespinorueda\/files\/2022\/10\/NIMENRIX_2022_1_page-0001.jpg\"><img loading=\"lazy\" decoding=\"async\" class=\"aligncenter wp-image-4692 size-large\" src=\"https:\/\/blogsaverroes.juntadeandalucia.es\/iespinorueda\/files\/2022\/10\/NIMENRIX_2022_1_page-0001-724x1024.jpg\" alt=\"\" width=\"709\" height=\"1003\" srcset=\"https:\/\/blogsaverroes.juntadeandalucia.es\/iespinorueda\/files\/2022\/10\/NIMENRIX_2022_1_page-0001-724x1024.jpg 724w, https:\/\/blogsaverroes.juntadeandalucia.es\/iespinorueda\/files\/2022\/10\/NIMENRIX_2022_1_page-0001-212x300.jpg 212w, https:\/\/blogsaverroes.juntadeandalucia.es\/iespinorueda\/files\/2022\/10\/NIMENRIX_2022_1_page-0001-768x1087.jpg 768w, https:\/\/blogsaverroes.juntadeandalucia.es\/iespinorueda\/files\/2022\/10\/NIMENRIX_2022_1_page-0001-1085x1536.jpg 1085w, https:\/\/blogsaverroes.juntadeandalucia.es\/iespinorueda\/files\/2022\/10\/NIMENRIX_2022_1_page-0001.jpg 1130w\" sizes=\"(max-width: 709px) 100vw, 709px\" \/><\/a><\/p>\n<p><a href=\"https:\/\/blogsaverroes.juntadeandalucia.es\/iespinorueda\/files\/2022\/10\/NIMENRIX_2022_1_page-0002.jpg\"><img loading=\"lazy\" decoding=\"async\" class=\"size-large wp-image-4693 aligncenter\" src=\"https:\/\/blogsaverroes.juntadeandalucia.es\/iespinorueda\/files\/2022\/10\/NIMENRIX_2022_1_page-0002-724x1024.jpg\" alt=\"\" width=\"709\" height=\"1003\" srcset=\"https:\/\/blogsaverroes.juntadeandalucia.es\/iespinorueda\/files\/2022\/10\/NIMENRIX_2022_1_page-0002-724x1024.jpg 724w, https:\/\/blogsaverroes.juntadeandalucia.es\/iespinorueda\/files\/2022\/10\/NIMENRIX_2022_1_page-0002-212x300.jpg 212w, https:\/\/blogsaverroes.juntadeandalucia.es\/iespinorueda\/files\/2022\/10\/NIMENRIX_2022_1_page-0002-768x1087.jpg 768w, https:\/\/blogsaverroes.juntadeandalucia.es\/iespinorueda\/files\/2022\/10\/NIMENRIX_2022_1_page-0002-1085x1536.jpg 1085w, https:\/\/blogsaverroes.juntadeandalucia.es\/iespinorueda\/files\/2022\/10\/NIMENRIX_2022_1_page-0002.jpg 1130w\" sizes=\"(max-width: 709px) 100vw, 709px\" \/><\/a><\/p>\n<p>2.- <strong>RECOGIDA DE ALUMNOS EN HORARIO ESCOLAR<\/strong>.- Se ruega a las familias que eviten recoger a sus hijos de 11:10 a 11:50 h. Al no estar operativa la megafon\u00eda, los conserjes se ven obligados a localizar al alumno en el patio durante el recreo.<\/p>\n<p>3.- <strong>ENTREGA DEL DNI.<\/strong>&#8211; Se ruega a las familias que, si no lo han hecho ya, deben entregar DNI de sus hijos en Secretar\u00eda. El DNI es obligatorio para los <strong>mayores de 14 a\u00f1os<\/strong> y debe asociarse a muchos tr\u00e1mites administrativos del menor. Pueden enviar copia al correo del centro <span style=\"color: #3366ff\"><strong>41701663.edu@juntadeandalucia.es<\/strong><\/span><\/p>\n<p>4.-<strong>DOCUMENTACI\u00d3N M\u00c9DICA PARA ENFERMEDADES CR\u00d3NICAS.-&nbsp;<\/strong>Se recuerda a las familias que indicaron en matr\u00edcula enfermedades o dolencias cr\u00f3nicas de sus hijos, que deben adjuntar la documentaci\u00f3n pertinente si es necesario que se le administre medicaci\u00f3n ante un caso de urgencia. Deben adem\u00e1s firmar una&nbsp;<em>autorizaci\u00f3n<\/em>&nbsp;en Secretar\u00eda al traer la medicaci\u00f3n en cuesti\u00f3n. En el caso de alumnos que necesiten salir al ba\u00f1o con frecuencia por prescripci\u00f3n m\u00e9dica, se deber\u00e1 acreditar tal necesidad. Pueden enviar la documentaci\u00f3n a&nbsp;<a href=\"mailto:41701663.edu@juntadeandalucia.es\">41701663.edu@juntadeandalucia.es<\/a><\/p>\n<p>5.-<strong> USO DE SMARTPHONE<\/strong>.- El uso de tel\u00e9fono m\u00f3vil no est\u00e1 permitido durante la jornada escolar. Si, un profesor\/a necesitar\u00e1 utilizar\u00e1 este elemento puntualmente con los alumnos, se le pedir\u00e1 autorizaci\u00f3n previamente&nbsp; a los padres por iPasen.&nbsp;<\/p>\n<p><img decoding=\"async\" src=\"https:\/\/www.retolsdaunis.com\/wp-content\/uploads\/2020\/09\/9.png\" alt=\"Se\u00f1al Prohibido el uso de tel\u00e9fonos m\u00f3viles \u2013 Retols Daunis\"\/><\/p>\n<p>6.- <strong>EL AMPA<\/strong>.- &nbsp;La Asociaci\u00f3n de madres y padres &#8220;Nuevo Horizonte&#8221; nos pide que recordemos que el jueves d\u00eda 6\/10 hay <strong>Asamblea General Ordinaria de socios del AMPA<\/strong>. A las 19:30 en primera convocatoria y a las 20:00 en segunda.<\/p>\n","protected":false},"excerpt":{"rendered":"<p>Desde la Consejer\u00eda de Salud se nos pide que hagamos llegar a las familias informaci\u00f3n sobre la VACUNACI\u00d3N FRENTE AL&#46;&#46;&#46;<\/p>\n","protected":false},"author":10306,"featured_media":4694,"comment_status":"open","ping_status":"open","sticky":false,"template":"","format":"standard","meta":{"ngg_post_thumbnail":0,"footnotes":""},"categories":[784,1696,26636,343039,1000142,2351656],"tags":[],"aioseo_notices":[],"post_mailing_queue_ids":[],"_links":{"self":[{"href":"https:\/\/blogsaverroes.juntadeandalucia.es\/iespinorueda\/wp-json\/wp\/v2\/posts\/4691"}],"collection":[{"href":"https:\/\/blogsaverroes.juntadeandalucia.es\/iespinorueda\/wp-json\/wp\/v2\/posts"}],"about":[{"href":"https:\/\/blogsaverroes.juntadeandalucia.es\/iespinorueda\/wp-json\/wp\/v2\/types\/post"}],"author":[{"embeddable":true,"href":"https:\/\/blogsaverroes.juntadeandalucia.es\/iespinorueda\/wp-json\/wp\/v2\/users\/10306"}],"replies":[{"embeddable":true,"href":"https:\/\/blogsaverroes.juntadeandalucia.es\/iespinorueda\/wp-json\/wp\/v2\/comments?post=4691"}],"version-history":[{"count":1,"href":"https:\/\/blogsaverroes.juntadeandalucia.es\/iespinorueda\/wp-json\/wp\/v2\/posts\/4691\/revisions"}],"predecessor-version":[{"id":4695,"href":"https:\/\/blogsaverroes.juntadeandalucia.es\/iespinorueda\/wp-json\/wp\/v2\/posts\/4691\/revisions\/4695"}],"wp:featuredmedia":[{"embeddable":true,"href":"https:\/\/blogsaverroes.juntadeandalucia.es\/iespinorueda\/wp-json\/wp\/v2\/media\/4694"}],"wp:attachment":[{"href":"https:\/\/blogsaverroes.juntadeandalucia.es\/iespinorueda\/wp-json\/wp\/v2\/media?parent=4691"}],"wp:term":[{"taxonomy":"category","embeddable":true,"href":"https:\/\/blogsaverroes.juntadeandalucia.es\/iespinorueda\/wp-json\/wp\/v2\/categories?post=4691"},{"taxonomy":"post_tag","embeddable":true,"href":"https:\/\/blogsaverroes.juntadeandalucia.es\/iespinorueda\/wp-json\/wp\/v2\/tags?post=4691"}],"curies":[{"name":"wp","href":"https:\/\/api.w.org\/{rel}","templated":true}]}}