{"id":4716,"date":"2022-10-28T19:04:01","date_gmt":"2022-10-28T18:04:01","guid":{"rendered":"https:\/\/blogsaverroes.juntadeandalucia.es\/iespinorueda\/?p=4716"},"modified":"2022-11-01T17:09:09","modified_gmt":"2022-11-01T16:09:09","slug":"programa-proa","status":"publish","type":"post","link":"https:\/\/blogsaverroes.juntadeandalucia.es\/iespinorueda\/programa-proa\/","title":{"rendered":"PROGRAMA PROA_22\/23"},"content":{"rendered":"<p>Con financiaci\u00f3n de los Fondos Sociales Europeos, el&nbsp; mi\u00e9rcoles <strong>26 de octubre de 2022<\/strong> empezaron a funcionar en nuestro centro cuatro grupos de Acompa\u00f1amiento Escolar (lunes y mi\u00e9rcoles, de 16 a 18 h). El listado de alumnos beneficiarios de este servicio es confeccionado por la comisi\u00f3n de selecci\u00f3n del instituto, una vez o\u00edda la propuesta de los equipos educativos. La comisi\u00f3n de selecci\u00f3n est\u00e1 compuesta por jefa de Estudios, coordinador del programa, orientadora y una de las tutoras responsables del programa.<\/p>\n<p>Hay <strong>4 grupos<\/strong> de estudiantes de 3 niveles acompa\u00f1ados por 4 profesores del IES Pino Rueda.<\/p>\n<table style=\"border-collapse: collapse;width: 90.9732%;height: 72px\">\n<tbody>\n<tr style=\"height: 24px\">\n<td style=\"width: 20%;text-align: center;height: 24px;background-color: #6dcfed;border-style: solid;border-color: #000000\"><strong>GRUPOS<\/strong><\/td>\n<td style=\"width: 20%;text-align: center;height: 24px;background-color: #6dcfed;border-style: solid;border-color: #000000\"><strong>1\u00ba ESO<\/strong><\/td>\n<td style=\"width: 20%;text-align: center;height: 24px;background-color: #6dcfed;border-style: solid;border-color: #000000\"><strong>1\u00ba ESO<\/strong><\/td>\n<td style=\"width: 20%;text-align: center;height: 24px;background-color: #6dcfed;border-style: solid;border-color: #000000\"><strong>2\u00baESO<\/strong><\/td>\n<td style=\"width: 20%;text-align: center;height: 24px;background-color: #6dcfed;border-style: solid;border-color: #000000\"><strong>3\u00baESO<\/strong><\/td>\n<\/tr>\n<tr style=\"height: 24px\">\n<td style=\"width: 20%;text-align: center;height: 24px;border-style: solid;border-color: #000000\"><strong>Lunes<\/strong><\/td>\n<td style=\"width: 20%;text-align: center;height: 24px;border-style: solid;border-color: #000000\">16:00-18:00<\/td>\n<td style=\"width: 20%;text-align: center;height: 24px;border-style: solid;border-color: #000000\">16:00-18:00<\/td>\n<td style=\"width: 20%;text-align: center;height: 24px;border-style: solid;border-color: #000000\">16:00-18:00<\/td>\n<td style=\"width: 20%;text-align: center;height: 24px;border-style: solid;border-color: #000000\">16:00-18:00<\/td>\n<\/tr>\n<tr style=\"height: 24px\">\n<td style=\"width: 20%;text-align: center;height: 24px;border-style: solid;border-color: #000000\"><strong>Mi\u00e9rcoles<\/strong><\/td>\n<td style=\"width: 20%;text-align: center;height: 24px;border-style: solid;border-color: #000000\">16:00-18:00<\/td>\n<td style=\"width: 20%;text-align: center;height: 24px;border-style: solid;border-color: #000000\">16:00-18:00<\/td>\n<td style=\"width: 20%;text-align: center;height: 24px;border-style: solid;border-color: #000000\">16:00-18:00<\/td>\n<td style=\"width: 20%;text-align: center;height: 24px;border-style: solid;border-color: #000000\">16:00-18:00<\/td>\n<\/tr>\n<\/tbody>\n<\/table>\n<p><strong>PROA.-&nbsp;<\/strong><strong>Acompa\u00f1amiento Escolar.<\/strong><\/p>\n<p style=\"text-align: justify\">El Acompa\u00f1amiento Escolar es una actuaci\u00f3n dirigida a mejorar la adquisici\u00f3n de las competencias clave, especialmente en <strong>comunicaci\u00f3n ling\u00fc\u00edstica<\/strong> y <strong>razonamiento matem\u00e1tico<\/strong>, del alumnado con necesidades espec\u00edficas de apoyo educativo que precisa acciones de car\u00e1cter compensatorio. Por tanto, se concibe como una medida motivadora, a la vez que favorecedora del \u00e9xito escolar, as\u00ed como una importante v\u00eda para la prevenci\u00f3n del absentismo y abandono escolar temprano.<\/p>\n<p style=\"text-align: justify\">Con car\u00e1cter general, el alumnado al que se dirige el PROA Andaluc\u00eda ser\u00e1 el escolarizado en aquellos centros p\u00fablicos dependientes de la Consejer\u00eda de Desarrollo Educativo y Formaci\u00f3n Profesional de la Junta de Andaluc\u00eda que cada Delegaci\u00f3n Territorial de Desarrollo Educativo, Formaci\u00f3n Profesional, Universidad, Investigaci\u00f3n e Innovaci\u00f3n, proponga cada curso de entre aquellos que impartan las ense\u00f1anzas de Educaci\u00f3n Primaria y Educaci\u00f3n Secundaria Obligatoria y que escolaricen a un n\u00famero significativo de alumnos y alumnas con necesidades espec\u00edficas de apoyo educativo por precisar acciones de car\u00e1cter compensatorio. Cada una de las actuaciones que componen el PROA Andaluc\u00eda cuenta con requisitos espec\u00edficos en relaci\u00f3n con el alumnado destinatario.<\/p>\n<p><a href=\"https:\/\/blogsaverroes.juntadeandalucia.es\/iespinorueda\/files\/2022\/10\/Gris-Fotograf\u00eda-Ordenado-Historia-Storyboard-20-\u00d7-20-cm.png\"><img loading=\"lazy\" decoding=\"async\" class=\"aligncenter size-full wp-image-4717\" src=\"https:\/\/blogsaverroes.juntadeandalucia.es\/iespinorueda\/files\/2022\/10\/Gris-Fotograf\u00eda-Ordenado-Historia-Storyboard-20-\u00d7-20-cm.png\" alt=\"\" width=\"1600\" height=\"1600\" srcset=\"https:\/\/blogsaverroes.juntadeandalucia.es\/iespinorueda\/files\/2022\/10\/Gris-Fotograf\u00eda-Ordenado-Historia-Storyboard-20-\u00d7-20-cm.png 1600w, https:\/\/blogsaverroes.juntadeandalucia.es\/iespinorueda\/files\/2022\/10\/Gris-Fotograf\u00eda-Ordenado-Historia-Storyboard-20-\u00d7-20-cm-300x300.png 300w, https:\/\/blogsaverroes.juntadeandalucia.es\/iespinorueda\/files\/2022\/10\/Gris-Fotograf\u00eda-Ordenado-Historia-Storyboard-20-\u00d7-20-cm-1024x1024.png 1024w, https:\/\/blogsaverroes.juntadeandalucia.es\/iespinorueda\/files\/2022\/10\/Gris-Fotograf\u00eda-Ordenado-Historia-Storyboard-20-\u00d7-20-cm-150x150.png 150w, https:\/\/blogsaverroes.juntadeandalucia.es\/iespinorueda\/files\/2022\/10\/Gris-Fotograf\u00eda-Ordenado-Historia-Storyboard-20-\u00d7-20-cm-768x768.png 768w, https:\/\/blogsaverroes.juntadeandalucia.es\/iespinorueda\/files\/2022\/10\/Gris-Fotograf\u00eda-Ordenado-Historia-Storyboard-20-\u00d7-20-cm-1536x1536.png 1536w\" sizes=\"(max-width: 1600px) 100vw, 1600px\" \/><\/a><\/p>\n<p>&nbsp;<\/p>\n","protected":false},"excerpt":{"rendered":"<p>Con financiaci\u00f3n de los Fondos Sociales Europeos, el&nbsp; mi\u00e9rcoles 26 de octubre de 2022 empezaron a funcionar en nuestro centro&#46;&#46;&#46;<\/p>\n","protected":false},"author":10306,"featured_media":4717,"comment_status":"open","ping_status":"open","sticky":false,"template":"","format":"standard","meta":{"ngg_post_thumbnail":0,"footnotes":""},"categories":[784,526,33096],"tags":[2351968],"aioseo_notices":[],"post_mailing_queue_ids":[],"_links":{"self":[{"href":"https:\/\/blogsaverroes.juntadeandalucia.es\/iespinorueda\/wp-json\/wp\/v2\/posts\/4716"}],"collection":[{"href":"https:\/\/blogsaverroes.juntadeandalucia.es\/iespinorueda\/wp-json\/wp\/v2\/posts"}],"about":[{"href":"https:\/\/blogsaverroes.juntadeandalucia.es\/iespinorueda\/wp-json\/wp\/v2\/types\/post"}],"author":[{"embeddable":true,"href":"https:\/\/blogsaverroes.juntadeandalucia.es\/iespinorueda\/wp-json\/wp\/v2\/users\/10306"}],"replies":[{"embeddable":true,"href":"https:\/\/blogsaverroes.juntadeandalucia.es\/iespinorueda\/wp-json\/wp\/v2\/comments?post=4716"}],"version-history":[{"count":6,"href":"https:\/\/blogsaverroes.juntadeandalucia.es\/iespinorueda\/wp-json\/wp\/v2\/posts\/4716\/revisions"}],"predecessor-version":[{"id":4733,"href":"https:\/\/blogsaverroes.juntadeandalucia.es\/iespinorueda\/wp-json\/wp\/v2\/posts\/4716\/revisions\/4733"}],"wp:featuredmedia":[{"embeddable":true,"href":"https:\/\/blogsaverroes.juntadeandalucia.es\/iespinorueda\/wp-json\/wp\/v2\/media\/4717"}],"wp:attachment":[{"href":"https:\/\/blogsaverroes.juntadeandalucia.es\/iespinorueda\/wp-json\/wp\/v2\/media?parent=4716"}],"wp:term":[{"taxonomy":"category","embeddable":true,"href":"https:\/\/blogsaverroes.juntadeandalucia.es\/iespinorueda\/wp-json\/wp\/v2\/categories?post=4716"},{"taxonomy":"post_tag","embeddable":true,"href":"https:\/\/blogsaverroes.juntadeandalucia.es\/iespinorueda\/wp-json\/wp\/v2\/tags?post=4716"}],"curies":[{"name":"wp","href":"https:\/\/api.w.org\/{rel}","templated":true}]}}