{"id":4873,"date":"2022-12-18T21:33:34","date_gmt":"2022-12-18T20:33:34","guid":{"rendered":"https:\/\/blogsaverroes.juntadeandalucia.es\/iespinorueda\/?p=4873"},"modified":"2022-12-18T21:53:34","modified_gmt":"2022-12-18T20:53:34","slug":"4-diciembre-dia-de-la-bandera-de-andalucia","status":"publish","type":"post","link":"https:\/\/blogsaverroes.juntadeandalucia.es\/iespinorueda\/4-diciembre-dia-de-la-bandera-de-andalucia\/","title":{"rendered":"4 diciembre. D\u00eda de la bandera de Andaluc\u00eda."},"content":{"rendered":"<p><strong>4 de diciembre, D\u00eda de la bandera de Andaluc\u00eda.-&nbsp;<\/strong>Varios departamentos han tratado&nbsp; en sus clases esta efem\u00e9ride que conmemora uno de los s\u00edmbolos de nuestra comunidad.<\/p>\n<ul>\n<li>\n<h2><strong>Matem\u00e1ticas<\/strong><\/h2>\n<p>Estudiando la geometr\u00eda, las proporciones de la bandera de Andaluc\u00eda, seg\u00fan el BOE y BOJA.<\/li>\n<\/ul>\n<table style=\"border-collapse: collapse;width: 100%\">\n<tbody>\n<tr>\n<td style=\"width: 29.243%;text-align: center\"><a href=\"https:\/\/blogsaverroes.juntadeandalucia.es\/iespinorueda\/files\/2022\/12\/WhatsApp-Image-2022-12-03-at-18.49.56-e1671393258933.jpeg\"><img loading=\"lazy\" decoding=\"async\" class=\"wp-image-4874\" src=\"https:\/\/blogsaverroes.juntadeandalucia.es\/iespinorueda\/files\/2022\/12\/WhatsApp-Image-2022-12-03-at-18.49.56-e1671393258933-276x300.jpeg\" alt=\"\" width=\"184\" height=\"200\" srcset=\"https:\/\/blogsaverroes.juntadeandalucia.es\/iespinorueda\/files\/2022\/12\/WhatsApp-Image-2022-12-03-at-18.49.56-e1671393258933-276x300.jpeg 276w, https:\/\/blogsaverroes.juntadeandalucia.es\/iespinorueda\/files\/2022\/12\/WhatsApp-Image-2022-12-03-at-18.49.56-e1671393258933.jpeg 720w\" sizes=\"(max-width: 184px) 100vw, 184px\" \/><\/a><\/td>\n<td style=\"width: 36.0132%;text-align: center\"><a href=\"https:\/\/blogsaverroes.juntadeandalucia.es\/iespinorueda\/files\/2022\/12\/WhatsApp-Image-2022-12-05-at-13.12.31.jpeg\"><img loading=\"lazy\" decoding=\"async\" class=\"aligncenter size-medium wp-image-4875\" src=\"https:\/\/blogsaverroes.juntadeandalucia.es\/iespinorueda\/files\/2022\/12\/WhatsApp-Image-2022-12-05-at-13.12.31-300x225.jpeg\" alt=\"\" width=\"300\" height=\"225\" srcset=\"https:\/\/blogsaverroes.juntadeandalucia.es\/iespinorueda\/files\/2022\/12\/WhatsApp-Image-2022-12-05-at-13.12.31-300x225.jpeg 300w, https:\/\/blogsaverroes.juntadeandalucia.es\/iespinorueda\/files\/2022\/12\/WhatsApp-Image-2022-12-05-at-13.12.31-768x576.jpeg 768w, https:\/\/blogsaverroes.juntadeandalucia.es\/iespinorueda\/files\/2022\/12\/WhatsApp-Image-2022-12-05-at-13.12.31.jpeg 1024w\" sizes=\"(max-width: 300px) 100vw, 300px\" \/><\/a><\/td>\n<td style=\"width: 34.7437%;text-align: center\"><a href=\"https:\/\/blogsaverroes.juntadeandalucia.es\/iespinorueda\/files\/2022\/12\/WhatsApp-Image-2022-12-05-at-12.06.33.jpeg\"><img loading=\"lazy\" decoding=\"async\" class=\"aligncenter size-medium wp-image-4876\" src=\"https:\/\/blogsaverroes.juntadeandalucia.es\/iespinorueda\/files\/2022\/12\/WhatsApp-Image-2022-12-05-at-12.06.33-300x225.jpeg\" alt=\"\" width=\"300\" height=\"225\" srcset=\"https:\/\/blogsaverroes.juntadeandalucia.es\/iespinorueda\/files\/2022\/12\/WhatsApp-Image-2022-12-05-at-12.06.33-300x225.jpeg 300w, https:\/\/blogsaverroes.juntadeandalucia.es\/iespinorueda\/files\/2022\/12\/WhatsApp-Image-2022-12-05-at-12.06.33-768x576.jpeg 768w, https:\/\/blogsaverroes.juntadeandalucia.es\/iespinorueda\/files\/2022\/12\/WhatsApp-Image-2022-12-05-at-12.06.33.jpeg 1024w\" sizes=\"(max-width: 300px) 100vw, 300px\" \/><\/a><\/td>\n<\/tr>\n<\/tbody>\n<\/table>\n<p>&nbsp;<\/p>\n<ul>\n<li>\n<h2><strong>Lengua Castellana y Literatura, Geograf\u00eda e Historia<\/strong><\/h2>\n<\/li>\n<\/ul>\n<table style=\"border-collapse: collapse;width: 100%\">\n<tbody>\n<tr>\n<td style=\"width: 100%;text-align: center\"><iframe src=\"https:\/\/heyzine.com\/flip-book\/99732f08e2.html\" scrolling=\"no\"><\/iframe>&nbsp;<\/td>\n<\/tr>\n<\/tbody>\n<\/table>\n<p><a href=\"https:\/\/blogsaverroes.juntadeandalucia.es\/iespinorueda\/files\/2022\/12\/WhatsApp-Image-2022-12-10-at-13.40.25.jpeg\"><img loading=\"lazy\" decoding=\"async\" class=\"aligncenter size-medium wp-image-4877\" src=\"https:\/\/blogsaverroes.juntadeandalucia.es\/iespinorueda\/files\/2022\/12\/WhatsApp-Image-2022-12-10-at-13.40.25-283x300.jpeg\" alt=\"\" width=\"283\" height=\"300\" srcset=\"https:\/\/blogsaverroes.juntadeandalucia.es\/iespinorueda\/files\/2022\/12\/WhatsApp-Image-2022-12-10-at-13.40.25-283x300.jpeg 283w, https:\/\/blogsaverroes.juntadeandalucia.es\/iespinorueda\/files\/2022\/12\/WhatsApp-Image-2022-12-10-at-13.40.25-768x813.jpeg 768w, https:\/\/blogsaverroes.juntadeandalucia.es\/iespinorueda\/files\/2022\/12\/WhatsApp-Image-2022-12-10-at-13.40.25.jpeg 967w\" sizes=\"(max-width: 283px) 100vw, 283px\" \/><\/a><\/p>\n<table style=\"border-collapse: collapse;width: 100%\">\n<tbody>\n<tr>\n<td style=\"width: 100%;text-align: center\"><iframe loading=\"lazy\" src=\"https:\/\/www.youtube.com\/embed\/h7sAfRkP5SM\" width=\"560\" height=\"315\" frameborder=\"0\"><\/iframe>&nbsp;<\/td>\n<\/tr>\n<tr>\n<td style=\"width: 100%;text-align: center\"><iframe loading=\"lazy\" src=\"https:\/\/www.youtube.com\/embed\/2NQdHmHAv0A\" width=\"560\" height=\"315\" frameborder=\"0\"><\/iframe>&nbsp;<\/td>\n<\/tr>\n<\/tbody>\n<\/table>\n<p>&nbsp;<\/p>\n<ul>\n<li>\n<h2><strong>Computaci\u00f3n y Rob\u00f3tica.<\/strong><\/h2>\n<p>\u00bfSab\u00edas que el color de la bandera de Andaluc\u00eda es el &#8220;Verde Omeya&#8221;? \u00bfC\u00f3mo se representa? Con los alumnos de Computaci\u00f3n y Rob\u00f3tica hemos dibujado la bandera seg\u00fan las especificaciones del BOJA.&nbsp; <a style=\"text-align: center\" href=\"https:\/\/docs.google.com\/document\/d\/e\/2PACX-1vQ3TeQ6G6FzVgwSZtUAhXfVKip8CKuEL1tZzN9L296j_0UXVa1iQMaFRCWMlG0aJaCVSJHk_QgFoMp5\/pub\" target=\"_blank\" rel=\"noopener noreferrer\">Color Omeya<\/a><\/li>\n<\/ul>\n<table style=\"border-collapse: collapse;width: 100%\">\n<tbody>\n<tr>\n<td style=\"width: 50%;text-align: center\"><a href=\"https:\/\/blogsaverroes.juntadeandalucia.es\/iespinorueda\/files\/2022\/12\/Ficha-Bandera-Andaluc\u00eda_CyROB_page-0001.jpg\"><img loading=\"lazy\" decoding=\"async\" class=\"aligncenter size-medium wp-image-4879\" src=\"https:\/\/blogsaverroes.juntadeandalucia.es\/iespinorueda\/files\/2022\/12\/Ficha-Bandera-Andaluc\u00eda_CyROB_page-0001-212x300.jpg\" alt=\"\" width=\"212\" height=\"300\" srcset=\"https:\/\/blogsaverroes.juntadeandalucia.es\/iespinorueda\/files\/2022\/12\/Ficha-Bandera-Andaluc\u00eda_CyROB_page-0001-212x300.jpg 212w, https:\/\/blogsaverroes.juntadeandalucia.es\/iespinorueda\/files\/2022\/12\/Ficha-Bandera-Andaluc\u00eda_CyROB_page-0001-725x1024.jpg 725w, https:\/\/blogsaverroes.juntadeandalucia.es\/iespinorueda\/files\/2022\/12\/Ficha-Bandera-Andaluc\u00eda_CyROB_page-0001-768x1085.jpg 768w, https:\/\/blogsaverroes.juntadeandalucia.es\/iespinorueda\/files\/2022\/12\/Ficha-Bandera-Andaluc\u00eda_CyROB_page-0001-1087x1536.jpg 1087w, https:\/\/blogsaverroes.juntadeandalucia.es\/iespinorueda\/files\/2022\/12\/Ficha-Bandera-Andaluc\u00eda_CyROB_page-0001.jpg 1132w\" sizes=\"(max-width: 212px) 100vw, 212px\" \/><\/a><\/td>\n<td style=\"width: 50%;text-align: center\"><a href=\"https:\/\/blogsaverroes.juntadeandalucia.es\/iespinorueda\/files\/2022\/12\/Ficha-Bandera-Andaluc\u00eda_CyROB_page-0002.jpg\"><img loading=\"lazy\" decoding=\"async\" class=\"aligncenter size-medium wp-image-4880\" src=\"https:\/\/blogsaverroes.juntadeandalucia.es\/iespinorueda\/files\/2022\/12\/Ficha-Bandera-Andaluc\u00eda_CyROB_page-0002-212x300.jpg\" alt=\"\" width=\"212\" height=\"300\" srcset=\"https:\/\/blogsaverroes.juntadeandalucia.es\/iespinorueda\/files\/2022\/12\/Ficha-Bandera-Andaluc\u00eda_CyROB_page-0002-212x300.jpg 212w, https:\/\/blogsaverroes.juntadeandalucia.es\/iespinorueda\/files\/2022\/12\/Ficha-Bandera-Andaluc\u00eda_CyROB_page-0002-725x1024.jpg 725w, https:\/\/blogsaverroes.juntadeandalucia.es\/iespinorueda\/files\/2022\/12\/Ficha-Bandera-Andaluc\u00eda_CyROB_page-0002-768x1085.jpg 768w, https:\/\/blogsaverroes.juntadeandalucia.es\/iespinorueda\/files\/2022\/12\/Ficha-Bandera-Andaluc\u00eda_CyROB_page-0002-1087x1536.jpg 1087w, https:\/\/blogsaverroes.juntadeandalucia.es\/iespinorueda\/files\/2022\/12\/Ficha-Bandera-Andaluc\u00eda_CyROB_page-0002.jpg 1132w\" sizes=\"(max-width: 212px) 100vw, 212px\" \/><\/a><\/td>\n<\/tr>\n<\/tbody>\n<\/table>\n<p style=\"text-align: center\"><a href=\"https:\/\/blogsaverroes.juntadeandalucia.es\/iespinorueda\/files\/2022\/12\/Captura-de-pantalla-de-2022-12-18-21-47-03.png\"><img loading=\"lazy\" decoding=\"async\" class=\"aligncenter size-medium wp-image-4886\" src=\"https:\/\/blogsaverroes.juntadeandalucia.es\/iespinorueda\/files\/2022\/12\/Captura-de-pantalla-de-2022-12-18-21-47-03-300x169.png\" alt=\"\" width=\"300\" height=\"169\" srcset=\"https:\/\/blogsaverroes.juntadeandalucia.es\/iespinorueda\/files\/2022\/12\/Captura-de-pantalla-de-2022-12-18-21-47-03-300x169.png 300w, https:\/\/blogsaverroes.juntadeandalucia.es\/iespinorueda\/files\/2022\/12\/Captura-de-pantalla-de-2022-12-18-21-47-03-1024x576.png 1024w, https:\/\/blogsaverroes.juntadeandalucia.es\/iespinorueda\/files\/2022\/12\/Captura-de-pantalla-de-2022-12-18-21-47-03-768x432.png 768w, https:\/\/blogsaverroes.juntadeandalucia.es\/iespinorueda\/files\/2022\/12\/Captura-de-pantalla-de-2022-12-18-21-47-03.png 1280w\" sizes=\"(max-width: 300px) 100vw, 300px\" \/><\/a><\/p>\n<p style=\"text-align: center\">&nbsp;<\/p>\n","protected":false},"excerpt":{"rendered":"<p>4 de diciembre, D\u00eda de la bandera de Andaluc\u00eda.-&nbsp;Varios departamentos han tratado&nbsp; en sus clases esta efem\u00e9ride que conmemora uno&#46;&#46;&#46;<\/p>\n","protected":false},"author":10306,"featured_media":4881,"comment_status":"open","ping_status":"open","sticky":false,"template":"","format":"standard","meta":{"ngg_post_thumbnail":0,"footnotes":""},"categories":[2351974],"tags":[2351741],"aioseo_notices":[],"post_mailing_queue_ids":[],"_links":{"self":[{"href":"https:\/\/blogsaverroes.juntadeandalucia.es\/iespinorueda\/wp-json\/wp\/v2\/posts\/4873"}],"collection":[{"href":"https:\/\/blogsaverroes.juntadeandalucia.es\/iespinorueda\/wp-json\/wp\/v2\/posts"}],"about":[{"href":"https:\/\/blogsaverroes.juntadeandalucia.es\/iespinorueda\/wp-json\/wp\/v2\/types\/post"}],"author":[{"embeddable":true,"href":"https:\/\/blogsaverroes.juntadeandalucia.es\/iespinorueda\/wp-json\/wp\/v2\/users\/10306"}],"replies":[{"embeddable":true,"href":"https:\/\/blogsaverroes.juntadeandalucia.es\/iespinorueda\/wp-json\/wp\/v2\/comments?post=4873"}],"version-history":[{"count":7,"href":"https:\/\/blogsaverroes.juntadeandalucia.es\/iespinorueda\/wp-json\/wp\/v2\/posts\/4873\/revisions"}],"predecessor-version":[{"id":4889,"href":"https:\/\/blogsaverroes.juntadeandalucia.es\/iespinorueda\/wp-json\/wp\/v2\/posts\/4873\/revisions\/4889"}],"wp:featuredmedia":[{"embeddable":true,"href":"https:\/\/blogsaverroes.juntadeandalucia.es\/iespinorueda\/wp-json\/wp\/v2\/media\/4881"}],"wp:attachment":[{"href":"https:\/\/blogsaverroes.juntadeandalucia.es\/iespinorueda\/wp-json\/wp\/v2\/media?parent=4873"}],"wp:term":[{"taxonomy":"category","embeddable":true,"href":"https:\/\/blogsaverroes.juntadeandalucia.es\/iespinorueda\/wp-json\/wp\/v2\/categories?post=4873"},{"taxonomy":"post_tag","embeddable":true,"href":"https:\/\/blogsaverroes.juntadeandalucia.es\/iespinorueda\/wp-json\/wp\/v2\/tags?post=4873"}],"curies":[{"name":"wp","href":"https:\/\/api.w.org\/{rel}","templated":true}]}}