{"id":5140,"date":"2023-03-06T19:30:15","date_gmt":"2023-03-06T18:30:15","guid":{"rendered":"https:\/\/blogsaverroes.juntadeandalucia.es\/iespinorueda\/?p=5140"},"modified":"2023-06-27T21:40:46","modified_gmt":"2023-06-27T20:40:46","slug":"28f-dia-de-andalucia","status":"publish","type":"post","link":"https:\/\/blogsaverroes.juntadeandalucia.es\/iespinorueda\/28f-dia-de-andalucia\/","title":{"rendered":"28F.- D\u00eda de Andaluc\u00eda"},"content":{"rendered":"<div>\n<div class=\"dnXCYb\" role=\"button\" data-hveid=\"CBMQAQ\">\n<div class=\"L3Ezfd\" data-ved=\"2ahUKEwjvxOXPnfr9AhXW8rsIHSLDDj4Quk56BAgTEAI\">El <b>28 de febrero<\/b>, nos sumamos a la celebraci\u00f3n del d\u00eda de <b>Andaluc\u00eda<\/b>&nbsp;y, es que, en esta jornada se conmemora el refer\u00e9ndum de 1980 que otorg\u00f3 a la comunidad aut\u00f3noma su plena autonom\u00eda.<\/div>\n<div data-ved=\"2ahUKEwjvxOXPnfr9AhXW8rsIHSLDDj4Quk56BAgTEAI\">\n<hr \/>\n<\/div>\n<\/div>\n<\/div>\n<p><strong>DESAYUNO ANDALUZ. AMPA<\/strong> Nuevo Horizonte invit\u00f3 a desayunar ayer 23 de febrero a todo el alumnado del centro. Fue durante el recreo y sirvi\u00f3 de colof\u00f3n a las distintas actividades que, con motivo del D\u00eda de Andaluc\u00eda, se han llevado a cabo en el instituto, adem\u00e1s de las tareas y proyectos que desde cada \u00e1rea de conocimiento se han desarrollado con nuestra comunidad aut\u00f3noma como eje.<\/p>\n<p><a href=\"https:\/\/blogsaverroes.juntadeandalucia.es\/iespinorueda\/files\/2023\/03\/Captura-de-pantalla-de-2023-03-26-20-31-03.png\"><img loading=\"lazy\" decoding=\"async\" class=\"aligncenter size-full wp-image-5141\" src=\"https:\/\/blogsaverroes.juntadeandalucia.es\/iespinorueda\/files\/2023\/03\/Captura-de-pantalla-de-2023-03-26-20-31-03.png\" alt=\"\" width=\"813\" height=\"535\" srcset=\"https:\/\/blogsaverroes.juntadeandalucia.es\/iespinorueda\/files\/2023\/03\/Captura-de-pantalla-de-2023-03-26-20-31-03.png 813w, https:\/\/blogsaverroes.juntadeandalucia.es\/iespinorueda\/files\/2023\/03\/Captura-de-pantalla-de-2023-03-26-20-31-03-300x197.png 300w, https:\/\/blogsaverroes.juntadeandalucia.es\/iespinorueda\/files\/2023\/03\/Captura-de-pantalla-de-2023-03-26-20-31-03-768x505.png 768w\" sizes=\"(max-width: 813px) 100vw, 813px\" \/><\/a><\/p>\n<hr \/>\n<p><strong>ACTIVIDADES DESARROLLADAS PARA CELEBRAR ESTA JORNADA<\/strong><\/p>\n<hr \/>\n<p><iframe loading=\"lazy\" src=\"https:\/\/www.youtube.com\/embed\/CygA9XmvKvE\" width=\"560\" height=\"315\" frameborder=\"0\"><\/iframe>&nbsp;<\/p>\n","protected":false},"excerpt":{"rendered":"<p>El 28 de febrero, nos sumamos a la celebraci\u00f3n del d\u00eda de Andaluc\u00eda&nbsp;y, es que, en esta jornada se conmemora&#46;&#46;&#46;<\/p>\n","protected":false},"author":10306,"featured_media":5142,"comment_status":"open","ping_status":"open","sticky":false,"template":"","format":"standard","meta":{"ngg_post_thumbnail":0,"footnotes":""},"categories":[5991,1696,25507],"tags":[2351900],"aioseo_notices":[],"post_mailing_queue_ids":[],"_links":{"self":[{"href":"https:\/\/blogsaverroes.juntadeandalucia.es\/iespinorueda\/wp-json\/wp\/v2\/posts\/5140"}],"collection":[{"href":"https:\/\/blogsaverroes.juntadeandalucia.es\/iespinorueda\/wp-json\/wp\/v2\/posts"}],"about":[{"href":"https:\/\/blogsaverroes.juntadeandalucia.es\/iespinorueda\/wp-json\/wp\/v2\/types\/post"}],"author":[{"embeddable":true,"href":"https:\/\/blogsaverroes.juntadeandalucia.es\/iespinorueda\/wp-json\/wp\/v2\/users\/10306"}],"replies":[{"embeddable":true,"href":"https:\/\/blogsaverroes.juntadeandalucia.es\/iespinorueda\/wp-json\/wp\/v2\/comments?post=5140"}],"version-history":[{"count":4,"href":"https:\/\/blogsaverroes.juntadeandalucia.es\/iespinorueda\/wp-json\/wp\/v2\/posts\/5140\/revisions"}],"predecessor-version":[{"id":5410,"href":"https:\/\/blogsaverroes.juntadeandalucia.es\/iespinorueda\/wp-json\/wp\/v2\/posts\/5140\/revisions\/5410"}],"wp:featuredmedia":[{"embeddable":true,"href":"https:\/\/blogsaverroes.juntadeandalucia.es\/iespinorueda\/wp-json\/wp\/v2\/media\/5142"}],"wp:attachment":[{"href":"https:\/\/blogsaverroes.juntadeandalucia.es\/iespinorueda\/wp-json\/wp\/v2\/media?parent=5140"}],"wp:term":[{"taxonomy":"category","embeddable":true,"href":"https:\/\/blogsaverroes.juntadeandalucia.es\/iespinorueda\/wp-json\/wp\/v2\/categories?post=5140"},{"taxonomy":"post_tag","embeddable":true,"href":"https:\/\/blogsaverroes.juntadeandalucia.es\/iespinorueda\/wp-json\/wp\/v2\/tags?post=5140"}],"curies":[{"name":"wp","href":"https:\/\/api.w.org\/{rel}","templated":true}]}}