{"id":5316,"date":"2023-05-21T17:31:54","date_gmt":"2023-05-21T16:31:54","guid":{"rendered":"https:\/\/blogsaverroes.juntadeandalucia.es\/iespinorueda\/?p=5316"},"modified":"2023-05-21T17:31:54","modified_gmt":"2023-05-21T16:31:54","slug":"programa-de-refuerzo-estival-2023","status":"publish","type":"post","link":"https:\/\/blogsaverroes.juntadeandalucia.es\/iespinorueda\/programa-de-refuerzo-estival-2023\/","title":{"rendered":"PROGRAMA DE REFUERZO ESTIVAL 2023"},"content":{"rendered":"<p>Se comunica a las familias que se abre plazo para solicitar la participaci\u00f3n voluntaria de sus hijos en los programas de refuerzo de verano. Del 22 al 30 de mayo podr\u00e1n solicitar hasta 3 centros de su localidad o de las localidades cercanas, del listado de centros publicado el 22 de mayo, a trav\u00e9s de la&nbsp;<a href=\"https:\/\/www.juntadeandalucia.es\/educacion\/secretariavirtual\/\" target=\"_blank\" rel=\"noopener noreferrer\">Secretar\u00eda Virtual de los centros docentes<\/a>&nbsp;de la Consejer\u00eda de Desarrollo Educativo y Formaci\u00f3n Profesional.<\/p>\n<p>Toda la informaci\u00f3n en&nbsp;<a href=\"https:\/\/www.juntadeandalucia.es\/educacion\/portals\/web\/ced\/familias\/programa-refuerzo-estival-2023\">https:\/\/www.juntadeandalucia.es\/educacion\/portals\/web\/ced\/familias\/programa-refuerzo-estival-2023<\/a><\/p>\n<p>HORARIO:<\/p>\n<ul>\n<li>El programa se desarrollar\u00e1 de 9:00 a 14:00, de lunes a viernes.<\/li>\n<li>El tiempo en el que se distribuyan los talleres deber\u00e1 contemplar, tal y como establece la disposici\u00f3n cuarta de la Resoluci\u00f3n:\n<ul>\n<li>Una hora para actividad f\u00edsico-deportiva, h\u00e1bitos saludables y fomento de actividades cooperativas y grupales.<\/li>\n<li>Una hora para el trabajo de las competencias matem\u00e1ticas.<\/li>\n<li>Una hora para el trabajo de las competencias ling\u00fc\u00edsticas.<\/li>\n<li>Una hora para el trabajo de las competencias de lengua extranjera (ingl\u00e9s).<\/li>\n<\/ul>\n<\/li>\n<li>Adem\u00e1s habr\u00e1 media hora inicial de asamblea en la que se fomente el contacto personalizado y el di\u00e1logo y media hora de descanso activo.<\/li>\n<\/ul>\n<p>PERIODO:<\/p>\n<ul>\n<li>Se entender\u00e1 por &#8220;primera quincena&#8221; el per\u00edodo comprendido entre el 1 y el 15 de julio, ambos inclusive (11 d\u00edas).<\/li>\n<li>Se entender\u00e1 por &#8220;segunda quincena&#8221; el per\u00edodo comprendido entre el 16 y el 30 de julio, ambos inclusive (10 d\u00edas).<\/li>\n<\/ul>\n<p><a href=\"https:\/\/blogsaverroes.juntadeandalucia.es\/iespinorueda\/files\/2023\/05\/REFUERZO-ESTIVAL-2023_GENERAL_page-0001-scaled.jpg\"><img loading=\"lazy\" decoding=\"async\" class=\"aligncenter size-large wp-image-5318\" src=\"https:\/\/blogsaverroes.juntadeandalucia.es\/iespinorueda\/files\/2023\/05\/REFUERZO-ESTIVAL-2023_GENERAL_page-0001-724x1024.jpg\" alt=\"\" width=\"709\" height=\"1003\"\/><\/a><\/p>\n","protected":false},"excerpt":{"rendered":"<p>Se comunica a las familias que se abre plazo para solicitar la participaci\u00f3n voluntaria de sus hijos en los programas&#46;&#46;&#46;<\/p>\n","protected":false},"author":10306,"featured_media":5317,"comment_status":"open","ping_status":"open","sticky":false,"template":"","format":"standard","meta":{"ngg_post_thumbnail":0,"footnotes":""},"categories":[5991,784,33096],"tags":[2351988],"aioseo_notices":[],"post_mailing_queue_ids":[],"_links":{"self":[{"href":"https:\/\/blogsaverroes.juntadeandalucia.es\/iespinorueda\/wp-json\/wp\/v2\/posts\/5316"}],"collection":[{"href":"https:\/\/blogsaverroes.juntadeandalucia.es\/iespinorueda\/wp-json\/wp\/v2\/posts"}],"about":[{"href":"https:\/\/blogsaverroes.juntadeandalucia.es\/iespinorueda\/wp-json\/wp\/v2\/types\/post"}],"author":[{"embeddable":true,"href":"https:\/\/blogsaverroes.juntadeandalucia.es\/iespinorueda\/wp-json\/wp\/v2\/users\/10306"}],"replies":[{"embeddable":true,"href":"https:\/\/blogsaverroes.juntadeandalucia.es\/iespinorueda\/wp-json\/wp\/v2\/comments?post=5316"}],"version-history":[{"count":1,"href":"https:\/\/blogsaverroes.juntadeandalucia.es\/iespinorueda\/wp-json\/wp\/v2\/posts\/5316\/revisions"}],"predecessor-version":[{"id":5319,"href":"https:\/\/blogsaverroes.juntadeandalucia.es\/iespinorueda\/wp-json\/wp\/v2\/posts\/5316\/revisions\/5319"}],"wp:featuredmedia":[{"embeddable":true,"href":"https:\/\/blogsaverroes.juntadeandalucia.es\/iespinorueda\/wp-json\/wp\/v2\/media\/5317"}],"wp:attachment":[{"href":"https:\/\/blogsaverroes.juntadeandalucia.es\/iespinorueda\/wp-json\/wp\/v2\/media?parent=5316"}],"wp:term":[{"taxonomy":"category","embeddable":true,"href":"https:\/\/blogsaverroes.juntadeandalucia.es\/iespinorueda\/wp-json\/wp\/v2\/categories?post=5316"},{"taxonomy":"post_tag","embeddable":true,"href":"https:\/\/blogsaverroes.juntadeandalucia.es\/iespinorueda\/wp-json\/wp\/v2\/tags?post=5316"}],"curies":[{"name":"wp","href":"https:\/\/api.w.org\/{rel}","templated":true}]}}