{"id":5353,"date":"2023-05-31T11:47:58","date_gmt":"2023-05-31T10:47:58","guid":{"rendered":"https:\/\/blogsaverroes.juntadeandalucia.es\/iespinorueda\/?p=5353"},"modified":"2023-05-31T12:43:51","modified_gmt":"2023-05-31T11:43:51","slug":"protocolo-olas-de-claor-y-altas-temperaturas-excepcionales","status":"publish","type":"post","link":"https:\/\/blogsaverroes.juntadeandalucia.es\/iespinorueda\/protocolo-olas-de-claor-y-altas-temperaturas-excepcionales\/","title":{"rendered":"PROTOCOLO OLAS DE CALOR Y ALTAS TEMPERATURAS EXCEPCIONALES"},"content":{"rendered":"<p style=\"text-align: center\"><strong>PROTOCOLO DE ACTUACI\u00d3N EN EL \u00c1MBITO EDUCATIVO ANTE OLAS DE CALOR O ALTAS <\/strong><strong>TEMPERATURAS EXCEPCIONALES<\/strong><\/p>\n<p><iframe loading=\"lazy\" src=\"https:\/\/drive.google.com\/file\/d\/1UNJqQT3mSMHR6EZDRpBGbT8QivELUbx1\/preview\" width=\"640\" height=\"480\"><\/iframe>&nbsp;<\/p>\n<p>&nbsp;(INCORPORADO A PRL, MAYO 2023)<\/p>\n<p>De acuerdo a las <a href=\"https:\/\/www.juntadeandalucia.es\/educacion\/portals\/web\/ced\/novedades\/-\/contenidos\/detalle\/instrucciones-de-5-de-mayo-de-2023-de-la-viceconsejeria-de-desarrollo-educativo-y-formacion-profesional-para-la-1g9h3n4fgxr5o\" target=\"_blank\" rel=\"noopener noreferrer\">Instrucciones de 5 de mayo de 2023 de la Viceconsejer\u00eda de Desarrollo Educativo y Formaci\u00f3n Profesional para la adopci\u00f3n de medidas organizativas ante olas de calor o altas temperaturas,<\/a> y asumiendo todas las l\u00edneas de actuaci\u00f3n y recomendaciones del <a href=\"https:\/\/www.juntadeandalucia.es\/educacion\/portals\/delegate\/content\/a9cb922b-91ab-4cd3-8d82-ac3c6a96518a\/Protocolo%20ola%20calor%20y%20altas%20temperaturas%202023\" target=\"_blank\" rel=\"noopener noreferrer\">Protocolo general de actuaci\u00f3n en el \u00e1mbito educativo andaluz no universitario ante olas de claro o altas temperaturas<\/a> excepcionales, publicado por la Consejer\u00eda de Desarrollo Educativo y Formaci\u00f3n Profesional, se concreta el presente protocolo.<br \/>\nPara la toma de decisiones ante la eventualidad de calor extremo, ha de considerarse que, como <strong>factores atenuadores y protectores ante las altas temperaturas<\/strong>, en el IES Pino Rueda:<\/p>\n<ul>\n<li>&nbsp;todas las aulas del centro est\u00e1n climatizadas y los aires acondicionados est\u00e1n en funcionamiento desde antes de las 11 h en junio y septiembre, y seg\u00fan valoraci\u00f3n de equipo directivo en los meses de mayo y octubre.<a href=\"https:\/\/blogsaverroes.juntadeandalucia.es\/iespinorueda\/files\/2023\/05\/20230531_125922-scaled.jpg\"><img loading=\"lazy\" decoding=\"async\" class=\"aligncenter wp-image-5358 size-medium\" src=\"https:\/\/blogsaverroes.juntadeandalucia.es\/iespinorueda\/files\/2023\/05\/20230531_125922-300x225.jpg\" alt=\"\" width=\"300\" height=\"225\" srcset=\"https:\/\/blogsaverroes.juntadeandalucia.es\/iespinorueda\/files\/2023\/05\/20230531_125922-300x225.jpg 300w, https:\/\/blogsaverroes.juntadeandalucia.es\/iespinorueda\/files\/2023\/05\/20230531_125922-1024x768.jpg 1024w, https:\/\/blogsaverroes.juntadeandalucia.es\/iespinorueda\/files\/2023\/05\/20230531_125922-768x576.jpg 768w, https:\/\/blogsaverroes.juntadeandalucia.es\/iespinorueda\/files\/2023\/05\/20230531_125922-1536x1152.jpg 1536w, https:\/\/blogsaverroes.juntadeandalucia.es\/iespinorueda\/files\/2023\/05\/20230531_125922-2048x1536.jpg 2048w, https:\/\/blogsaverroes.juntadeandalucia.es\/iespinorueda\/files\/2023\/05\/20230531_125922-scaled.jpg 1600w\" sizes=\"(max-width: 300px) 100vw, 300px\" \/><\/a><\/li>\n<li>el patio de recreo cuenta con amplias zonas de sombra.<a href=\"https:\/\/blogsaverroes.juntadeandalucia.es\/iespinorueda\/files\/2023\/05\/20230531_130038-scaled.jpg\"><img loading=\"lazy\" decoding=\"async\" class=\"aligncenter wp-image-5359 size-medium\" src=\"https:\/\/blogsaverroes.juntadeandalucia.es\/iespinorueda\/files\/2023\/05\/20230531_130038-scaled-e1685531554920-300x183.jpg\" alt=\"\" width=\"300\" height=\"183\" srcset=\"https:\/\/blogsaverroes.juntadeandalucia.es\/iespinorueda\/files\/2023\/05\/20230531_130038-scaled-e1685531554920-300x183.jpg 300w, https:\/\/blogsaverroes.juntadeandalucia.es\/iespinorueda\/files\/2023\/05\/20230531_130038-scaled-e1685531554920-1024x624.jpg 1024w, https:\/\/blogsaverroes.juntadeandalucia.es\/iespinorueda\/files\/2023\/05\/20230531_130038-scaled-e1685531554920-768x468.jpg 768w, https:\/\/blogsaverroes.juntadeandalucia.es\/iespinorueda\/files\/2023\/05\/20230531_130038-scaled-e1685531554920.jpg 1432w\" sizes=\"(max-width: 300px) 100vw, 300px\" \/><\/a><\/li>\n<li>las fachadas de aulas prefabricadas m\u00e1s expuestas al sol est\u00e1n entoldadas.<\/li>\n<li>y hay fuentes exteriores e interior para beber y rellenado de botellas.<\/li>\n<\/ul>\n<p>Como <strong>medidas organizativas <\/strong>en jornadas de altas temperaturas, se dispone que:<\/p>\n<ul>\n<li>las actividades de las clases de Educaci\u00f3n F\u00edsica se modular\u00e1n en funci\u00f3n de las temperaturas y de la disponibilidad de espacios cubiertos, pudiendo adem\u00e1s suspender el&nbsp; car\u00e1cter pr\u00e1ctico de las mismas.<\/li>\n<li>los torneos deportivos previstos para los recreos podr\u00e1n suspenderse si as\u00ed lo aconseja el estado del tiempo.<\/li>\n<li>el alumnado podr\u00e1 beber y salir a rellenar botellas de manera escalonada y organizada por el profesor responsable del aula.<\/li>\n<\/ul>\n<p>E<strong>n los d\u00edas en los que la Administraci\u00f3n activara alerta naranja o roja por altas temperaturas<\/strong> <strong>podr\u00eda haber<\/strong> medidas excepcionales de flexibilizaci\u00f3n horaria, con posibilidad de que las familias <strong>pudieran recoger,<\/strong> si lo estiman oportuno, de forma justificada a sus hijos desde las 12 h (<strong>en todo caso, el horario de clases para todo el alumnado ser\u00e1 siempre el habitual para este centro: de 8:15 a 14:45 h<\/strong>), seg\u00fan disposici\u00f3n 4.2 de las Instrucciones de 5 de mayo de 2023 de la Viceconsejer\u00eda de Desarrollo Educativo y Formaci\u00f3n Profesional para la adopci\u00f3n de medidas organizativas ante olas de calor o altas temperaturas excepcionales.<\/p>\n<p>Con car\u00e1cter general, el protocolo podr\u00e1 activarse entre el 1 de junio y el 31 de julio, y del 1 al 30 de septiembre, sin perjuicio de que pueda hacerse en otras \u00e9pocas si las condiciones meteorol\u00f3gicas de ola de calor o de altas temperaturas excepcionales as\u00ed lo determinan. No obstante, para el curso acad\u00e9mico 2022\/2023 la activaci\u00f3n del protocolo se podr\u00e1 anticipar al 15 de mayo si las circunstancias climatol\u00f3gicas as\u00ed lo aconsejan.<br \/>\nLa activaci\u00f3n del protocolo por olas de calor o altas temperaturas excepcionales se comunicar\u00e1 a familias en tabl\u00f3n de anuncios Pasen y a la Delegaci\u00f3n Territorial de Desarrollo Educativo y Formaci\u00f3n Profesional y de Universidad, Investigaci\u00f3n e Innovaci\u00f3n, seg\u00fan modelos previstos para ello en el Protocolo general de actuaci\u00f3n en el \u00e1mbito educativo andaluz no universitario ante olas de claro o altas temperaturas excepcionales.<br \/>\nMedidas organizativas con referencia al presente protocolo, condiciones de activaci\u00f3n y referencia normativa citada en el primer p\u00e1rrafo han tenido oportuna difusi\u00f3n entre la comunidad educativa mediante comunicaciones en tabl\u00f3n de anuncios Pasen (8 y 10 de mayo de 2023) y publicaci\u00f3n del mismo en p\u00e1gina web y en sitio virtual donde se alojan Plan de Centro y programaciones desglosadas.<\/p>\n<p><a href=\"https:\/\/drive.google.com\/file\/d\/1UNJqQT3mSMHR6EZDRpBGbT8QivELUbx1\/view?usp=drive_link\" target=\"_blank\" rel=\"noopener noreferrer\">PROTOCOLO<\/a><\/p>\n","protected":false},"excerpt":{"rendered":"<p>PROTOCOLO DE ACTUACI\u00d3N EN EL \u00c1MBITO EDUCATIVO ANTE OLAS DE CALOR O ALTAS TEMPERATURAS EXCEPCIONALES &nbsp; &nbsp;(INCORPORADO A PRL, MAYO&#46;&#46;&#46;<\/p>\n","protected":false},"author":10306,"featured_media":5321,"comment_status":"open","ping_status":"open","sticky":false,"template":"","format":"standard","meta":{"ngg_post_thumbnail":0,"footnotes":""},"categories":[784,26636,526],"tags":[2351956],"aioseo_notices":[],"post_mailing_queue_ids":[],"_links":{"self":[{"href":"https:\/\/blogsaverroes.juntadeandalucia.es\/iespinorueda\/wp-json\/wp\/v2\/posts\/5353"}],"collection":[{"href":"https:\/\/blogsaverroes.juntadeandalucia.es\/iespinorueda\/wp-json\/wp\/v2\/posts"}],"about":[{"href":"https:\/\/blogsaverroes.juntadeandalucia.es\/iespinorueda\/wp-json\/wp\/v2\/types\/post"}],"author":[{"embeddable":true,"href":"https:\/\/blogsaverroes.juntadeandalucia.es\/iespinorueda\/wp-json\/wp\/v2\/users\/10306"}],"replies":[{"embeddable":true,"href":"https:\/\/blogsaverroes.juntadeandalucia.es\/iespinorueda\/wp-json\/wp\/v2\/comments?post=5353"}],"version-history":[{"count":7,"href":"https:\/\/blogsaverroes.juntadeandalucia.es\/iespinorueda\/wp-json\/wp\/v2\/posts\/5353\/revisions"}],"predecessor-version":[{"id":5362,"href":"https:\/\/blogsaverroes.juntadeandalucia.es\/iespinorueda\/wp-json\/wp\/v2\/posts\/5353\/revisions\/5362"}],"wp:featuredmedia":[{"embeddable":true,"href":"https:\/\/blogsaverroes.juntadeandalucia.es\/iespinorueda\/wp-json\/wp\/v2\/media\/5321"}],"wp:attachment":[{"href":"https:\/\/blogsaverroes.juntadeandalucia.es\/iespinorueda\/wp-json\/wp\/v2\/media?parent=5353"}],"wp:term":[{"taxonomy":"category","embeddable":true,"href":"https:\/\/blogsaverroes.juntadeandalucia.es\/iespinorueda\/wp-json\/wp\/v2\/categories?post=5353"},{"taxonomy":"post_tag","embeddable":true,"href":"https:\/\/blogsaverroes.juntadeandalucia.es\/iespinorueda\/wp-json\/wp\/v2\/tags?post=5353"}],"curies":[{"name":"wp","href":"https:\/\/api.w.org\/{rel}","templated":true}]}}