{"id":5525,"date":"2023-10-30T16:24:29","date_gmt":"2023-10-30T15:24:29","guid":{"rendered":"https:\/\/blogsaverroes.juntadeandalucia.es\/iespinorueda\/?p=5525"},"modified":"2023-10-30T16:24:29","modified_gmt":"2023-10-30T15:24:29","slug":"dia-de-la-empresa-andaluza","status":"publish","type":"post","link":"https:\/\/blogsaverroes.juntadeandalucia.es\/iespinorueda\/dia-de-la-empresa-andaluza\/","title":{"rendered":"D\u00eda de la empresa andaluza"},"content":{"rendered":"<p>Dando cumplimiento a la Instrucci\u00f3n de 25 de septiembre de 2023 de la Viceconsejer\u00eda de Desarrollo Educativo y Formaci\u00f3n Profesional para la celebraci\u00f3n del <strong>I D\u00eda de la Empresa andaluza<\/strong>, los alumnos\/as de 4\u00b0 ESO (A y B) de la materia <strong>Econom\u00eda y Emprendimiento<\/strong> han elaborado estos mapas para conmemorar esta fecha y as\u00ed hacer part\u00edcipe a toda la comunidad educativa de este evento.&nbsp;<\/p>\n<p><a href=\"https:\/\/blogsaverroes.juntadeandalucia.es\/iespinorueda\/files\/2023\/10\/Sin-t\u00edtulo-15-x-16-cm.png\"><img loading=\"lazy\" decoding=\"async\" class=\"aligncenter size-large wp-image-5530\" src=\"https:\/\/blogsaverroes.juntadeandalucia.es\/iespinorueda\/files\/2023\/10\/Sin-t\u00edtulo-15-x-16-cm-960x1024.png\" alt=\"\" width=\"709\" height=\"756\" srcset=\"https:\/\/blogsaverroes.juntadeandalucia.es\/iespinorueda\/files\/2023\/10\/Sin-t\u00edtulo-15-x-16-cm-960x1024.png 960w, https:\/\/blogsaverroes.juntadeandalucia.es\/iespinorueda\/files\/2023\/10\/Sin-t\u00edtulo-15-x-16-cm-281x300.png 281w, https:\/\/blogsaverroes.juntadeandalucia.es\/iespinorueda\/files\/2023\/10\/Sin-t\u00edtulo-15-x-16-cm-768x819.png 768w, https:\/\/blogsaverroes.juntadeandalucia.es\/iespinorueda\/files\/2023\/10\/Sin-t\u00edtulo-15-x-16-cm-1440x1536.png 1440w, https:\/\/blogsaverroes.juntadeandalucia.es\/iespinorueda\/files\/2023\/10\/Sin-t\u00edtulo-15-x-16-cm.png 1500w\" sizes=\"(max-width: 709px) 100vw, 709px\" \/><\/a><\/p>\n<p>&nbsp;<\/p>\n<p><a href=\"https:\/\/blogsaverroes.juntadeandalucia.es\/iespinorueda\/files\/2023\/10\/WhatsApp-Image-2023-10-30-at-12.03.20.jpeg\"><img loading=\"lazy\" decoding=\"async\" class=\"aligncenter wp-image-5529 size-large\" src=\"https:\/\/blogsaverroes.juntadeandalucia.es\/iespinorueda\/files\/2023\/10\/WhatsApp-Image-2023-10-30-at-12.03.20-e1698678139277-1024x650.jpeg\" alt=\"\" width=\"709\" height=\"450\" srcset=\"https:\/\/blogsaverroes.juntadeandalucia.es\/iespinorueda\/files\/2023\/10\/WhatsApp-Image-2023-10-30-at-12.03.20-e1698678139277-1024x650.jpeg 1024w, https:\/\/blogsaverroes.juntadeandalucia.es\/iespinorueda\/files\/2023\/10\/WhatsApp-Image-2023-10-30-at-12.03.20-e1698678139277-300x191.jpeg 300w, https:\/\/blogsaverroes.juntadeandalucia.es\/iespinorueda\/files\/2023\/10\/WhatsApp-Image-2023-10-30-at-12.03.20-e1698678139277-768x488.jpeg 768w, https:\/\/blogsaverroes.juntadeandalucia.es\/iespinorueda\/files\/2023\/10\/WhatsApp-Image-2023-10-30-at-12.03.20-e1698678139277-1536x975.jpeg 1536w, https:\/\/blogsaverroes.juntadeandalucia.es\/iespinorueda\/files\/2023\/10\/WhatsApp-Image-2023-10-30-at-12.03.20-e1698678139277.jpeg 1600w\" sizes=\"(max-width: 709px) 100vw, 709px\" \/><\/a><\/p>\n","protected":false},"excerpt":{"rendered":"<p>Dando cumplimiento a la Instrucci\u00f3n de 25 de septiembre de 2023 de la Viceconsejer\u00eda de Desarrollo Educativo y Formaci\u00f3n Profesional&#46;&#46;&#46;<\/p>\n","protected":false},"author":10306,"featured_media":5531,"comment_status":"open","ping_status":"open","sticky":false,"template":"","format":"standard","meta":{"ngg_post_thumbnail":0,"footnotes":""},"categories":[2351974,25503],"tags":[],"aioseo_notices":[],"post_mailing_queue_ids":[],"_links":{"self":[{"href":"https:\/\/blogsaverroes.juntadeandalucia.es\/iespinorueda\/wp-json\/wp\/v2\/posts\/5525"}],"collection":[{"href":"https:\/\/blogsaverroes.juntadeandalucia.es\/iespinorueda\/wp-json\/wp\/v2\/posts"}],"about":[{"href":"https:\/\/blogsaverroes.juntadeandalucia.es\/iespinorueda\/wp-json\/wp\/v2\/types\/post"}],"author":[{"embeddable":true,"href":"https:\/\/blogsaverroes.juntadeandalucia.es\/iespinorueda\/wp-json\/wp\/v2\/users\/10306"}],"replies":[{"embeddable":true,"href":"https:\/\/blogsaverroes.juntadeandalucia.es\/iespinorueda\/wp-json\/wp\/v2\/comments?post=5525"}],"version-history":[{"count":1,"href":"https:\/\/blogsaverroes.juntadeandalucia.es\/iespinorueda\/wp-json\/wp\/v2\/posts\/5525\/revisions"}],"predecessor-version":[{"id":5532,"href":"https:\/\/blogsaverroes.juntadeandalucia.es\/iespinorueda\/wp-json\/wp\/v2\/posts\/5525\/revisions\/5532"}],"wp:featuredmedia":[{"embeddable":true,"href":"https:\/\/blogsaverroes.juntadeandalucia.es\/iespinorueda\/wp-json\/wp\/v2\/media\/5531"}],"wp:attachment":[{"href":"https:\/\/blogsaverroes.juntadeandalucia.es\/iespinorueda\/wp-json\/wp\/v2\/media?parent=5525"}],"wp:term":[{"taxonomy":"category","embeddable":true,"href":"https:\/\/blogsaverroes.juntadeandalucia.es\/iespinorueda\/wp-json\/wp\/v2\/categories?post=5525"},{"taxonomy":"post_tag","embeddable":true,"href":"https:\/\/blogsaverroes.juntadeandalucia.es\/iespinorueda\/wp-json\/wp\/v2\/tags?post=5525"}],"curies":[{"name":"wp","href":"https:\/\/api.w.org\/{rel}","templated":true}]}}