{"id":5664,"date":"2023-12-22T20:23:52","date_gmt":"2023-12-22T19:23:52","guid":{"rendered":"https:\/\/blogsaverroes.juntadeandalucia.es\/iespinorueda\/?p=5664"},"modified":"2024-01-31T20:27:07","modified_gmt":"2024-01-31T19:27:07","slug":"charlas-de-educacion-vial","status":"publish","type":"post","link":"https:\/\/blogsaverroes.juntadeandalucia.es\/iespinorueda\/charlas-de-educacion-vial\/","title":{"rendered":"CHARLAS DE EDUCACI\u00d3N VIAL"},"content":{"rendered":"<p>CHARLAS DE EDUCACI\u00d3N VIAL. Un a\u00f1o m\u00e1s, y dentro de la promoci\u00f3n de h\u00e1bitos saludables entre la comunidad educativa, AESLEME (Asociaci\u00f3n para educar en seguridad vial y evitar lesiones por movilidad en Espa\u00f1a) estuvo con los alumno de 3\u00b0 ESO con una campa\u00f1a informativa y de sensibilizaci\u00f3n.<\/p>\n<p><a href=\"https:\/\/blogsaverroes.juntadeandalucia.es\/iespinorueda\/files\/2024\/01\/aseme.png\"><img loading=\"lazy\" decoding=\"async\" class=\"aligncenter size-large wp-image-5666\" src=\"https:\/\/blogsaverroes.juntadeandalucia.es\/iespinorueda\/files\/2024\/01\/aseme.png\" alt=\"\" width=\"604\" height=\"587\" srcset=\"https:\/\/blogsaverroes.juntadeandalucia.es\/iespinorueda\/files\/2024\/01\/aseme.png 604w, https:\/\/blogsaverroes.juntadeandalucia.es\/iespinorueda\/files\/2024\/01\/aseme-300x292.png 300w\" sizes=\"(max-width: 604px) 100vw, 604px\" \/><\/a><\/p>\n<p><a href=\"https:\/\/blogsaverroes.juntadeandalucia.es\/iespinorueda\/files\/2024\/01\/aseme-1.png\"><img loading=\"lazy\" decoding=\"async\" class=\"aligncenter size-full wp-image-5665\" src=\"https:\/\/blogsaverroes.juntadeandalucia.es\/iespinorueda\/files\/2024\/01\/aseme-1.png\" alt=\"\" width=\"806\" height=\"600\" srcset=\"https:\/\/blogsaverroes.juntadeandalucia.es\/iespinorueda\/files\/2024\/01\/aseme-1.png 806w, https:\/\/blogsaverroes.juntadeandalucia.es\/iespinorueda\/files\/2024\/01\/aseme-1-300x223.png 300w, https:\/\/blogsaverroes.juntadeandalucia.es\/iespinorueda\/files\/2024\/01\/aseme-1-768x572.png 768w\" sizes=\"(max-width: 806px) 100vw, 806px\" \/><\/a><\/p>\n","protected":false},"excerpt":{"rendered":"<p>CHARLAS DE EDUCACI\u00d3N VIAL. Un a\u00f1o m\u00e1s, y dentro de la promoci\u00f3n de h\u00e1bitos saludables entre la comunidad educativa, AESLEME&#46;&#46;&#46;<\/p>\n","protected":false},"author":10306,"featured_media":5666,"comment_status":"open","ping_status":"open","sticky":false,"template":"","format":"standard","meta":{"ngg_post_thumbnail":0,"footnotes":""},"categories":[5991,784],"tags":[2351818],"aioseo_notices":[],"post_mailing_queue_ids":[],"_links":{"self":[{"href":"https:\/\/blogsaverroes.juntadeandalucia.es\/iespinorueda\/wp-json\/wp\/v2\/posts\/5664"}],"collection":[{"href":"https:\/\/blogsaverroes.juntadeandalucia.es\/iespinorueda\/wp-json\/wp\/v2\/posts"}],"about":[{"href":"https:\/\/blogsaverroes.juntadeandalucia.es\/iespinorueda\/wp-json\/wp\/v2\/types\/post"}],"author":[{"embeddable":true,"href":"https:\/\/blogsaverroes.juntadeandalucia.es\/iespinorueda\/wp-json\/wp\/v2\/users\/10306"}],"replies":[{"embeddable":true,"href":"https:\/\/blogsaverroes.juntadeandalucia.es\/iespinorueda\/wp-json\/wp\/v2\/comments?post=5664"}],"version-history":[{"count":2,"href":"https:\/\/blogsaverroes.juntadeandalucia.es\/iespinorueda\/wp-json\/wp\/v2\/posts\/5664\/revisions"}],"predecessor-version":[{"id":5668,"href":"https:\/\/blogsaverroes.juntadeandalucia.es\/iespinorueda\/wp-json\/wp\/v2\/posts\/5664\/revisions\/5668"}],"wp:featuredmedia":[{"embeddable":true,"href":"https:\/\/blogsaverroes.juntadeandalucia.es\/iespinorueda\/wp-json\/wp\/v2\/media\/5666"}],"wp:attachment":[{"href":"https:\/\/blogsaverroes.juntadeandalucia.es\/iespinorueda\/wp-json\/wp\/v2\/media?parent=5664"}],"wp:term":[{"taxonomy":"category","embeddable":true,"href":"https:\/\/blogsaverroes.juntadeandalucia.es\/iespinorueda\/wp-json\/wp\/v2\/categories?post=5664"},{"taxonomy":"post_tag","embeddable":true,"href":"https:\/\/blogsaverroes.juntadeandalucia.es\/iespinorueda\/wp-json\/wp\/v2\/tags?post=5664"}],"curies":[{"name":"wp","href":"https:\/\/api.w.org\/{rel}","templated":true}]}}