{"id":5674,"date":"2024-01-31T20:33:35","date_gmt":"2024-01-31T19:33:35","guid":{"rendered":"https:\/\/blogsaverroes.juntadeandalucia.es\/iespinorueda\/?p=5674"},"modified":"2024-01-31T20:33:35","modified_gmt":"2024-01-31T19:33:35","slug":"dia-de-la-paz","status":"publish","type":"post","link":"https:\/\/blogsaverroes.juntadeandalucia.es\/iespinorueda\/dia-de-la-paz\/","title":{"rendered":"D\u00eda de la PAZ"},"content":{"rendered":"<p>D\u00cdA INTERNACIONAL DE LA PAZ. Con motivo de esta efem\u00e9ride, el domingo 4 de febrero por la ma\u00f1ana se llevar\u00e1n a cabo distintas actividades promovidas por Ayuntamiento y otras entidades.<\/p>\n<p><iframe loading=\"lazy\" src=\"https:\/\/drive.google.com\/file\/d\/13_rXKbChfA8BltStk65OS5HAL0Ig7VQQ\/preview\" width=\"640\" height=\"480\"><\/iframe><\/p>\n<p>&nbsp;<\/p>\n","protected":false},"excerpt":{"rendered":"<p>D\u00cdA INTERNACIONAL DE LA PAZ. Con motivo de esta efem\u00e9ride, el domingo 4 de febrero por la ma\u00f1ana se llevar\u00e1n&#46;&#46;&#46;<\/p>\n","protected":false},"author":10306,"featured_media":4999,"comment_status":"open","ping_status":"open","sticky":false,"template":"","format":"standard","meta":{"ngg_post_thumbnail":0,"footnotes":""},"categories":[5991],"tags":[2351818],"aioseo_notices":[],"post_mailing_queue_ids":[],"_links":{"self":[{"href":"https:\/\/blogsaverroes.juntadeandalucia.es\/iespinorueda\/wp-json\/wp\/v2\/posts\/5674"}],"collection":[{"href":"https:\/\/blogsaverroes.juntadeandalucia.es\/iespinorueda\/wp-json\/wp\/v2\/posts"}],"about":[{"href":"https:\/\/blogsaverroes.juntadeandalucia.es\/iespinorueda\/wp-json\/wp\/v2\/types\/post"}],"author":[{"embeddable":true,"href":"https:\/\/blogsaverroes.juntadeandalucia.es\/iespinorueda\/wp-json\/wp\/v2\/users\/10306"}],"replies":[{"embeddable":true,"href":"https:\/\/blogsaverroes.juntadeandalucia.es\/iespinorueda\/wp-json\/wp\/v2\/comments?post=5674"}],"version-history":[{"count":1,"href":"https:\/\/blogsaverroes.juntadeandalucia.es\/iespinorueda\/wp-json\/wp\/v2\/posts\/5674\/revisions"}],"predecessor-version":[{"id":5675,"href":"https:\/\/blogsaverroes.juntadeandalucia.es\/iespinorueda\/wp-json\/wp\/v2\/posts\/5674\/revisions\/5675"}],"wp:featuredmedia":[{"embeddable":true,"href":"https:\/\/blogsaverroes.juntadeandalucia.es\/iespinorueda\/wp-json\/wp\/v2\/media\/4999"}],"wp:attachment":[{"href":"https:\/\/blogsaverroes.juntadeandalucia.es\/iespinorueda\/wp-json\/wp\/v2\/media?parent=5674"}],"wp:term":[{"taxonomy":"category","embeddable":true,"href":"https:\/\/blogsaverroes.juntadeandalucia.es\/iespinorueda\/wp-json\/wp\/v2\/categories?post=5674"},{"taxonomy":"post_tag","embeddable":true,"href":"https:\/\/blogsaverroes.juntadeandalucia.es\/iespinorueda\/wp-json\/wp\/v2\/tags?post=5674"}],"curies":[{"name":"wp","href":"https:\/\/api.w.org\/{rel}","templated":true}]}}