{"id":5819,"date":"2024-04-15T18:32:02","date_gmt":"2024-04-15T17:32:02","guid":{"rendered":"https:\/\/blogsaverroes.juntadeandalucia.es\/iespinorueda\/?p=5819"},"modified":"2024-04-16T18:36:38","modified_gmt":"2024-04-16T17:36:38","slug":"becas-pruebas-de-diagnostico","status":"publish","type":"post","link":"https:\/\/blogsaverroes.juntadeandalucia.es\/iespinorueda\/becas-pruebas-de-diagnostico\/","title":{"rendered":"Becas\/Pruebas de Diagn\u00f3stico"},"content":{"rendered":"<p>BECAS PARA EL CURSO 2024\/25. Se recuerda a las familias que contin\u00faa abierto el plazo para solicitar la beca de car\u00e1cter general (desde el 19 de marzo al 10 de mayo de 2024 a las 15:00h). Si su hijo\/a va a cursar estudios posobligatorios el pr\u00f3ximo curso 24\/25, podr\u00eda interesarle solicitarla. Para m\u00e1s informaci\u00f3n puede consultarse el Portal de Becas, cuyo\u00a0 es <strong><a href=\"https:\/\/www.juntadeandalucia.es\/educacion\/portals\/web\/becas-y-ayudas\/tu-beca-en-nueve-pasos-andalucia-?fbclid=IwAR3jyJzLgCnWQAdVGdL0uWWeCasaqFnSpz2npzDOpuZ1bMEqp8dbIiwNujg\" target=\"_blank\" rel=\"noopener\">enlace<\/a><\/strong>.<a href=\"https:\/\/www.juntadeandalucia.es\/educacion\/portals\/web\/becas-y-ayudas\/tu-beca-en-nueve-pasos-andalucia-?fbclid=IwAR3jyJzLgCnWQAdVGdL0uWWeCasaqFnSpz2npzDOpuZ1bMEqp8dbIiwNujg\" target=\"_blank\" rel=\"noopener\"><img loading=\"lazy\" decoding=\"async\" class=\"aligncenter wp-image-5820 size-full\" src=\"https:\/\/blogsaverroes.juntadeandalucia.es\/iespinorueda\/files\/2024\/04\/Beca-General-24-25-paso-a-paso.png\" alt=\"\" width=\"673\" height=\"631\" srcset=\"https:\/\/blogsaverroes.juntadeandalucia.es\/iespinorueda\/files\/2024\/04\/Beca-General-24-25-paso-a-paso.png 673w, https:\/\/blogsaverroes.juntadeandalucia.es\/iespinorueda\/files\/2024\/04\/Beca-General-24-25-paso-a-paso-300x281.png 300w\" sizes=\"(max-width: 673px) 100vw, 673px\" \/><\/a><\/p>\n<hr \/>\n<p>REUNI\u00d3N INFORMATIVA FAMILIAS 3\u00b0 ESO. El\u00a0 martes 23 de abril, a las 17:30 h, tendr\u00e1 lugar una reuni\u00f3n telem\u00e1tica dirigida a las familias de 3\u00ba ESO para informar sobre estudios posbligatorios y orientar en la elecci\u00f3n de optativas cuando matriculen a sus hijos\/as en 4\u00ba ESO. Las familias de 3\u00ba ESO recibir\u00e1n enlace a la reuni\u00f3n telem\u00e1tica mediante mensaje Pasen y correo electr\u00f3nico.<\/p>\n<hr \/>\n<p>&nbsp;<\/p>\n<div dir=\"auto\">EVALUACI\u00d3N DE DIAGN\u00d3STICO 2023\/24. El alumnado de 2\u00ba ESO de toda Andaluc\u00eda realizar\u00e1 los pr\u00f3ximos 7, 8 y 9 de mayo las pruebas para la Evaluaci\u00f3n de Diagn\u00f3stico, implementadas por la Consejer\u00eda de Desarrollo Educativo y Formaci\u00f3n Profesional de la Junta de Andaluc\u00eda. Se evaluar\u00e1n para este curso 2023\/24 las competencias ling\u00fc\u00edstica, matem\u00e1tica y en primera lengua extranjera (ingl\u00e9s).<\/div>\n<div dir=\"auto\">Estas pruebas tienen un car\u00e1cter informativo, formativo y orientador para los centros, el profesorado, el alumnado y las familias. Son obligatorias para todo el alumnado matriculado en 2\u00ba ESO y las familias recibir\u00e1n un informe con los resultados junto al bolet\u00edn de calificaciones en junio.<\/div>\n<div dir=\"auto\">Estas pruebas, externas al centro y comunes para toda la comunidad aut\u00f3noma, se desarrollar\u00e1n en el instituto durante las dos primeras horas de clase en dos sesiones de 45 minutos separadas por un descanso de 15. A partir de 3\u00aa hora se continuar\u00e1 con el horario habitual de la jornada.<\/div>\n<p>&nbsp;<\/p>\n","protected":false},"excerpt":{"rendered":"<p>BECAS PARA EL CURSO 2024\/25. Se recuerda a las familias que contin\u00faa abierto el plazo para solicitar la beca de&#46;&#46;&#46;<\/p>\n","protected":false},"author":8140,"featured_media":5821,"comment_status":"open","ping_status":"open","sticky":false,"template":"","format":"standard","meta":{"ngg_post_thumbnail":0,"footnotes":""},"categories":[11909],"tags":[],"aioseo_notices":[],"post_mailing_queue_ids":[],"_links":{"self":[{"href":"https:\/\/blogsaverroes.juntadeandalucia.es\/iespinorueda\/wp-json\/wp\/v2\/posts\/5819"}],"collection":[{"href":"https:\/\/blogsaverroes.juntadeandalucia.es\/iespinorueda\/wp-json\/wp\/v2\/posts"}],"about":[{"href":"https:\/\/blogsaverroes.juntadeandalucia.es\/iespinorueda\/wp-json\/wp\/v2\/types\/post"}],"author":[{"embeddable":true,"href":"https:\/\/blogsaverroes.juntadeandalucia.es\/iespinorueda\/wp-json\/wp\/v2\/users\/8140"}],"replies":[{"embeddable":true,"href":"https:\/\/blogsaverroes.juntadeandalucia.es\/iespinorueda\/wp-json\/wp\/v2\/comments?post=5819"}],"version-history":[{"count":1,"href":"https:\/\/blogsaverroes.juntadeandalucia.es\/iespinorueda\/wp-json\/wp\/v2\/posts\/5819\/revisions"}],"predecessor-version":[{"id":5822,"href":"https:\/\/blogsaverroes.juntadeandalucia.es\/iespinorueda\/wp-json\/wp\/v2\/posts\/5819\/revisions\/5822"}],"wp:featuredmedia":[{"embeddable":true,"href":"https:\/\/blogsaverroes.juntadeandalucia.es\/iespinorueda\/wp-json\/wp\/v2\/media\/5821"}],"wp:attachment":[{"href":"https:\/\/blogsaverroes.juntadeandalucia.es\/iespinorueda\/wp-json\/wp\/v2\/media?parent=5819"}],"wp:term":[{"taxonomy":"category","embeddable":true,"href":"https:\/\/blogsaverroes.juntadeandalucia.es\/iespinorueda\/wp-json\/wp\/v2\/categories?post=5819"},{"taxonomy":"post_tag","embeddable":true,"href":"https:\/\/blogsaverroes.juntadeandalucia.es\/iespinorueda\/wp-json\/wp\/v2\/tags?post=5819"}],"curies":[{"name":"wp","href":"https:\/\/api.w.org\/{rel}","templated":true}]}}