{"id":5926,"date":"2024-07-30T21:44:22","date_gmt":"2024-07-30T20:44:22","guid":{"rendered":"https:\/\/blogsaverroes.juntadeandalucia.es\/iespinorueda\/?p=5926"},"modified":"2024-11-10T21:46:02","modified_gmt":"2024-11-10T20:46:02","slug":"cerrado-por-vacaciones","status":"publish","type":"post","link":"https:\/\/blogsaverroes.juntadeandalucia.es\/iespinorueda\/cerrado-por-vacaciones\/","title":{"rendered":"CERRADO POR VACACIONES"},"content":{"rendered":"<p>FELIZ VERANO A TODA LA COMUNIDAD EDUCATIVA. A primeros de septiembre se informar\u00e1 del cheque libro y de los horarios del d\u00eda de presentaci\u00f3n para el alumnado, que ser\u00e1 el lunes 16 de septiembre. Los grupos clase se conocer\u00e1n entonces.<\/p>\n<p style=\"text-align: center\"><a href=\"https:\/\/blogsaverroes.juntadeandalucia.es\/iespinorueda\/files\/2024\/11\/QQ.png\"><img loading=\"lazy\" decoding=\"async\" class=\"aligncenter size-full wp-image-5927\" src=\"https:\/\/blogsaverroes.juntadeandalucia.es\/iespinorueda\/files\/2024\/11\/QQ.png\" alt=\"\" width=\"401\" height=\"404\" srcset=\"https:\/\/blogsaverroes.juntadeandalucia.es\/iespinorueda\/files\/2024\/11\/QQ.png 401w, https:\/\/blogsaverroes.juntadeandalucia.es\/iespinorueda\/files\/2024\/11\/QQ-298x300.png 298w, https:\/\/blogsaverroes.juntadeandalucia.es\/iespinorueda\/files\/2024\/11\/QQ-150x150.png 150w\" sizes=\"(max-width: 401px) 100vw, 401px\" \/><\/a><\/p>\n","protected":false},"excerpt":{"rendered":"<p>FELIZ VERANO A TODA LA COMUNIDAD EDUCATIVA. A primeros de septiembre se informar\u00e1 del cheque libro y de los horarios&#46;&#46;&#46;<\/p>\n","protected":false},"author":10306,"featured_media":5927,"comment_status":"open","ping_status":"open","sticky":false,"template":"","format":"standard","meta":{"ngg_post_thumbnail":0,"footnotes":""},"categories":[26636],"tags":[],"aioseo_notices":[],"post_mailing_queue_ids":[],"_links":{"self":[{"href":"https:\/\/blogsaverroes.juntadeandalucia.es\/iespinorueda\/wp-json\/wp\/v2\/posts\/5926"}],"collection":[{"href":"https:\/\/blogsaverroes.juntadeandalucia.es\/iespinorueda\/wp-json\/wp\/v2\/posts"}],"about":[{"href":"https:\/\/blogsaverroes.juntadeandalucia.es\/iespinorueda\/wp-json\/wp\/v2\/types\/post"}],"author":[{"embeddable":true,"href":"https:\/\/blogsaverroes.juntadeandalucia.es\/iespinorueda\/wp-json\/wp\/v2\/users\/10306"}],"replies":[{"embeddable":true,"href":"https:\/\/blogsaverroes.juntadeandalucia.es\/iespinorueda\/wp-json\/wp\/v2\/comments?post=5926"}],"version-history":[{"count":1,"href":"https:\/\/blogsaverroes.juntadeandalucia.es\/iespinorueda\/wp-json\/wp\/v2\/posts\/5926\/revisions"}],"predecessor-version":[{"id":5928,"href":"https:\/\/blogsaverroes.juntadeandalucia.es\/iespinorueda\/wp-json\/wp\/v2\/posts\/5926\/revisions\/5928"}],"wp:featuredmedia":[{"embeddable":true,"href":"https:\/\/blogsaverroes.juntadeandalucia.es\/iespinorueda\/wp-json\/wp\/v2\/media\/5927"}],"wp:attachment":[{"href":"https:\/\/blogsaverroes.juntadeandalucia.es\/iespinorueda\/wp-json\/wp\/v2\/media?parent=5926"}],"wp:term":[{"taxonomy":"category","embeddable":true,"href":"https:\/\/blogsaverroes.juntadeandalucia.es\/iespinorueda\/wp-json\/wp\/v2\/categories?post=5926"},{"taxonomy":"post_tag","embeddable":true,"href":"https:\/\/blogsaverroes.juntadeandalucia.es\/iespinorueda\/wp-json\/wp\/v2\/tags?post=5926"}],"curies":[{"name":"wp","href":"https:\/\/api.w.org\/{rel}","templated":true}]}}