{"id":5939,"date":"2024-11-01T22:05:12","date_gmt":"2024-11-01T21:05:12","guid":{"rendered":"https:\/\/blogsaverroes.juntadeandalucia.es\/iespinorueda\/?p=5939"},"modified":"2024-11-10T22:21:22","modified_gmt":"2024-11-10T21:21:22","slug":"nos-solidarizamos-con-los-afectados-por-la-dana","status":"publish","type":"post","link":"https:\/\/blogsaverroes.juntadeandalucia.es\/iespinorueda\/nos-solidarizamos-con-los-afectados-por-la-dana\/","title":{"rendered":"NOS SOLIDARIZAMOS CON LOS AFECTADOS POR LA DANA"},"content":{"rendered":"<div class=\"html-div xdj266r x11i5rnm xat24cr x1mh8g0r xexx8yu x4uap5 x18d9i69 xkhd6sd\">\n<div class=\"html-div xdj266r x11i5rnm xat24cr x1mh8g0r xexx8yu x4uap5 x18d9i69 xkhd6sd\" dir=\"auto\">\n<div class=\"html-div xdj266r x11i5rnm xat24cr x1mh8g0r xexx8yu x4uap5 x18d9i69 xkhd6sd\" data-ad-rendering-role=\"message\">\n<div id=\":rdm:\" class=\"x1l90r2v x1pi30zi x1swvt13 x1iorvi4\" data-ad-comet-preview=\"message\" data-ad-preview=\"message\">\n<div class=\"x78zum5 xdt5ytf xz62fqu x16ldp7u\">\n<div class=\"xu06os2 x1ok221b\">\n<div class=\"xdj266r x11i5rnm xat24cr x1mh8g0r x1vvkbs x126k92a\">\n<div dir=\"auto\">Desde el IES Pino Rueda nos sumamos a la recogida solidaria en favor de los afectados por la DANA, coordinada por el Ayuntamiento. El instituto recoger\u00e1 agua embotellada, alimentos no perecederos y productos para beb\u00e9s las ma\u00f1anas del lunes y el martes pr\u00f3ximos. Las familias que lo deseen podr\u00e1n hacer llegar esta ayuda al centro a trav\u00e9s de sus hijos.<\/div>\n<\/div>\n<\/div>\n<\/div>\n<\/div>\n<\/div>\n<\/div>\n<div id=\":rdn:\" class=\"html-div xdj266r x11i5rnm xat24cr x1mh8g0r xexx8yu x4uap5 x18d9i69 xkhd6sd x1n2onr6\">\n<div class=\"html-div xdj266r x11i5rnm xat24cr x1mh8g0r xexx8yu x4uap5 x18d9i69 xkhd6sd x1n2onr6\">\n<div class=\"x6s0dn4 x1jx94hy x78zum5 xdt5ytf x6ikm8r x10wlt62 x1n2onr6 xh8yej3\">\n<div>\n<div class=\"xqtp20y x6ikm8r x10wlt62 x1n2onr6\">\n<div class=\"x10l6tqk x13vifvy\"><img loading=\"lazy\" decoding=\"async\" class=\"x1ey2m1c xds687c x5yr21d x10l6tqk x17qophe x13vifvy xh8yej3 xl1xv1r aligncenter\" src=\"https:\/\/scontent-mad1-1.xx.fbcdn.net\/v\/t39.30808-6\/464975653_1982503928879073_3811450316986692718_n.jpg?stp=dst-jpg_s640x640&amp;_nc_cat=101&amp;ccb=1-7&amp;_nc_sid=833d8c&amp;_nc_ohc=pqbXQGCfcJQQ7kNvgGlei4N&amp;_nc_zt=23&amp;_nc_ht=scontent-mad1-1.xx&amp;_nc_gid=A_xbvEz694v8KDxkI5fneBl&amp;oh=00_AYBwINrbbxx79wWokPQjbCkw4bL2IBYWv5zGRlNHfaTFJw&amp;oe=6736DEEE\" alt=\"Puede ser una imagen de texto que dice &quot;Umbreto RECOGIDA SOLIDARIA AFECTADOS DANA El Ayuntamiento de Umbrete, siguiendo \u03b1 recomendaci\u00f3n de la FEMP, pone en marcha un punto de recogida de ayuda solidaria Se necesitan alimentos no perecederos y agua embotellada que sera enviada \u03b1 los afectados por DANA en Valencia Adem\u00e1s, el lunes y el martes por la tarde, el Ayuntamiento activar\u00e1 un coche que recorrer\u00e1 las calles del municipio para facilitar la recogida de ayuda solidarida PUNTO DE RECOGIDA AYUNTAMIENTO 09H 14 09H-14H|16H-20H 16H 20H Ayuntamiento AyuntamientodeUmbrete de Umbrete&quot;\" width=\"512\" height=\"640\"\/><\/div>\n<\/div>\n<\/div>\n<\/div>\n<div class=\"x1ey2m1c xds687c x17qophe xg01cxk x47corl x10l6tqk x13vifvy x1ebt8du x19991ni x1dhq9h x1o1ewxj x3x9cwd x1e5q0jg x13rtm0m\" style=\"text-align: center\" role=\"none\" data-visualcompletion=\"ignore\"><a href=\"https:\/\/blogsaverroes.juntadeandalucia.es\/iespinorueda\/files\/2024\/11\/qqq.png\"><img loading=\"lazy\" decoding=\"async\" class=\"aligncenter size-full wp-image-5947\" src=\"https:\/\/blogsaverroes.juntadeandalucia.es\/iespinorueda\/files\/2024\/11\/qqq.png\" alt=\"\" width=\"437\" height=\"435\" srcset=\"https:\/\/blogsaverroes.juntadeandalucia.es\/iespinorueda\/files\/2024\/11\/qqq.png 437w, https:\/\/blogsaverroes.juntadeandalucia.es\/iespinorueda\/files\/2024\/11\/qqq-300x300.png 300w, https:\/\/blogsaverroes.juntadeandalucia.es\/iespinorueda\/files\/2024\/11\/qqq-150x150.png 150w\" sizes=\"(max-width: 437px) 100vw, 437px\" \/><\/a><\/div>\n<\/div>\n<div role=\"none\" data-visualcompletion=\"ignore\">\n<div dir=\"auto\">Todos estos productos que veis en las fotos se van a donar a Valencia en nombre del AMPA Nuevo Horizonte, del Ies Pino Rueda Umbrete!<\/div>\n<div dir=\"auto\">En momentos como \u00e9stos tenemos que estar unidos y echarles una mano a nuestros vecinos valencianos! Mil gracias!<\/div>\n<\/div>\n<\/div>\n<\/div>\n<div>\n<div class=\"xabvvm4 xeyy32k x1ia1hqs x1a2w583 x6ikm8r x10wlt62\" data-visualcompletion=\"ignore-dynamic\">\n<div class=\"x1n2onr6\">\n<div class=\"x6s0dn4 xi81zsa x78zum5 x6prxxf x13a6bvl xvq8zen xdj266r xat24cr x1d52u69 xktsk01 x889kno x1a8lsjc xkhd6sd x4uap5 x80vd3b x1q0q8m5 xso031l\">\n<div class=\"x9f619 x1ja2u2z x78zum5 x2lah0s x1n2onr6 x1qughib x1qjc9v5 xozqiw3 x1q0g3np xykv574 xbmpl8g x4cne27 xifccgj\">&nbsp;<\/div>\n<\/div>\n<\/div>\n<\/div>\n<\/div>\n","protected":false},"excerpt":{"rendered":"<p>Desde el IES Pino Rueda nos sumamos a la recogida solidaria en favor de los afectados por la DANA, coordinada&#46;&#46;&#46;<\/p>\n","protected":false},"author":10306,"featured_media":5947,"comment_status":"open","ping_status":"open","sticky":false,"template":"","format":"standard","meta":{"ngg_post_thumbnail":0,"footnotes":""},"categories":[26636],"tags":[],"aioseo_notices":[],"post_mailing_queue_ids":[],"_links":{"self":[{"href":"https:\/\/blogsaverroes.juntadeandalucia.es\/iespinorueda\/wp-json\/wp\/v2\/posts\/5939"}],"collection":[{"href":"https:\/\/blogsaverroes.juntadeandalucia.es\/iespinorueda\/wp-json\/wp\/v2\/posts"}],"about":[{"href":"https:\/\/blogsaverroes.juntadeandalucia.es\/iespinorueda\/wp-json\/wp\/v2\/types\/post"}],"author":[{"embeddable":true,"href":"https:\/\/blogsaverroes.juntadeandalucia.es\/iespinorueda\/wp-json\/wp\/v2\/users\/10306"}],"replies":[{"embeddable":true,"href":"https:\/\/blogsaverroes.juntadeandalucia.es\/iespinorueda\/wp-json\/wp\/v2\/comments?post=5939"}],"version-history":[{"count":3,"href":"https:\/\/blogsaverroes.juntadeandalucia.es\/iespinorueda\/wp-json\/wp\/v2\/posts\/5939\/revisions"}],"predecessor-version":[{"id":5949,"href":"https:\/\/blogsaverroes.juntadeandalucia.es\/iespinorueda\/wp-json\/wp\/v2\/posts\/5939\/revisions\/5949"}],"wp:featuredmedia":[{"embeddable":true,"href":"https:\/\/blogsaverroes.juntadeandalucia.es\/iespinorueda\/wp-json\/wp\/v2\/media\/5947"}],"wp:attachment":[{"href":"https:\/\/blogsaverroes.juntadeandalucia.es\/iespinorueda\/wp-json\/wp\/v2\/media?parent=5939"}],"wp:term":[{"taxonomy":"category","embeddable":true,"href":"https:\/\/blogsaverroes.juntadeandalucia.es\/iespinorueda\/wp-json\/wp\/v2\/categories?post=5939"},{"taxonomy":"post_tag","embeddable":true,"href":"https:\/\/blogsaverroes.juntadeandalucia.es\/iespinorueda\/wp-json\/wp\/v2\/tags?post=5939"}],"curies":[{"name":"wp","href":"https:\/\/api.w.org\/{rel}","templated":true}]}}