{"id":6089,"date":"2025-01-10T21:08:04","date_gmt":"2025-01-10T20:08:04","guid":{"rendered":"https:\/\/blogsaverroes.juntadeandalucia.es\/iespinorueda\/?p=6089"},"modified":"2025-01-15T21:10:37","modified_gmt":"2025-01-15T20:10:37","slug":"minuto-de-silencio","status":"publish","type":"post","link":"https:\/\/blogsaverroes.juntadeandalucia.es\/iespinorueda\/minuto-de-silencio\/","title":{"rendered":"MINUTO DE SILENCIO"},"content":{"rendered":"<div dir=\"auto\">MINUTO DE SILENCIO. Junto a muchos otros IES de Sevilla, guardaremos el viernes 10 a las 12 del mediod\u00eda un minuto de silencio durante nuestra jornada escolar para mostrar:<\/div>\n<div dir=\"auto\">&#8211; Nuestro profundo pesar por el tr\u00e1gico suceso de ayer a las puertas de un IES de la provincia de Sevilla en el que un joven de 17 a\u00f1os perdi\u00f3 la vida de manera violenta,<\/div>\n<div dir=\"auto\">&#8211; Nuestro m\u00e1s sentido p\u00e9same a la familia y allegados del joven.<\/div>\n<div dir=\"auto\">&#8211; Nuestro apoyo incondicional a toda la comunidad educativa del centro.<\/div>\n<div dir=\"auto\">&#8211; As\u00ed como poner en valor todo lo positivo que ocurre diariamente en los centros educativos de Andaluc\u00eda junto con nuestro compromiso con la educaci\u00f3n como herramienta clave para promover la convivencia, la tolerancia y el respeto.<\/div>\n<div dir=\"auto\"><a href=\"https:\/\/blogsaverroes.juntadeandalucia.es\/iespinorueda\/files\/2025\/01\/2025-01-15_210843.png\"><img loading=\"lazy\" decoding=\"async\" class=\"aligncenter wp-image-6090 size-full\" src=\"https:\/\/blogsaverroes.juntadeandalucia.es\/iespinorueda\/files\/2025\/01\/2025-01-15_210843.png\" alt=\"\" width=\"401\" height=\"407\" srcset=\"https:\/\/blogsaverroes.juntadeandalucia.es\/iespinorueda\/files\/2025\/01\/2025-01-15_210843.png 401w, https:\/\/blogsaverroes.juntadeandalucia.es\/iespinorueda\/files\/2025\/01\/2025-01-15_210843-296x300.png 296w\" sizes=\"(max-width: 401px) 100vw, 401px\" \/><\/a><\/div>\n","protected":false},"excerpt":{"rendered":"<p>MINUTO DE SILENCIO. Junto a muchos otros IES de Sevilla, guardaremos el viernes 10 a las 12 del mediod\u00eda un&#46;&#46;&#46;<\/p>\n","protected":false},"author":10306,"featured_media":6090,"comment_status":"open","ping_status":"open","sticky":false,"template":"","format":"standard","meta":{"ngg_post_thumbnail":0,"footnotes":""},"categories":[784,26636],"tags":[],"aioseo_notices":[],"post_mailing_queue_ids":[],"_links":{"self":[{"href":"https:\/\/blogsaverroes.juntadeandalucia.es\/iespinorueda\/wp-json\/wp\/v2\/posts\/6089"}],"collection":[{"href":"https:\/\/blogsaverroes.juntadeandalucia.es\/iespinorueda\/wp-json\/wp\/v2\/posts"}],"about":[{"href":"https:\/\/blogsaverroes.juntadeandalucia.es\/iespinorueda\/wp-json\/wp\/v2\/types\/post"}],"author":[{"embeddable":true,"href":"https:\/\/blogsaverroes.juntadeandalucia.es\/iespinorueda\/wp-json\/wp\/v2\/users\/10306"}],"replies":[{"embeddable":true,"href":"https:\/\/blogsaverroes.juntadeandalucia.es\/iespinorueda\/wp-json\/wp\/v2\/comments?post=6089"}],"version-history":[{"count":2,"href":"https:\/\/blogsaverroes.juntadeandalucia.es\/iespinorueda\/wp-json\/wp\/v2\/posts\/6089\/revisions"}],"predecessor-version":[{"id":6092,"href":"https:\/\/blogsaverroes.juntadeandalucia.es\/iespinorueda\/wp-json\/wp\/v2\/posts\/6089\/revisions\/6092"}],"wp:featuredmedia":[{"embeddable":true,"href":"https:\/\/blogsaverroes.juntadeandalucia.es\/iespinorueda\/wp-json\/wp\/v2\/media\/6090"}],"wp:attachment":[{"href":"https:\/\/blogsaverroes.juntadeandalucia.es\/iespinorueda\/wp-json\/wp\/v2\/media?parent=6089"}],"wp:term":[{"taxonomy":"category","embeddable":true,"href":"https:\/\/blogsaverroes.juntadeandalucia.es\/iespinorueda\/wp-json\/wp\/v2\/categories?post=6089"},{"taxonomy":"post_tag","embeddable":true,"href":"https:\/\/blogsaverroes.juntadeandalucia.es\/iespinorueda\/wp-json\/wp\/v2\/tags?post=6089"}],"curies":[{"name":"wp","href":"https:\/\/api.w.org\/{rel}","templated":true}]}}