{"id":6322,"date":"2025-04-25T19:49:42","date_gmt":"2025-04-25T18:49:42","guid":{"rendered":"https:\/\/blogsaverroes.juntadeandalucia.es\/iespinorueda\/?p=6322"},"modified":"2025-05-01T19:52:53","modified_gmt":"2025-05-01T18:52:53","slug":"23o-feria-de-las-ciencias-2025","status":"publish","type":"post","link":"https:\/\/blogsaverroes.juntadeandalucia.es\/iespinorueda\/23o-feria-de-las-ciencias-2025\/","title":{"rendered":"23\u00ba FERIA DE LAS CIENCIAS 2025"},"content":{"rendered":"<p>Nuestro centro particip\u00f3 en la vig\u00e9sima tercera edici\u00f3n de la Feria de las Ciencias presentando el proyecto ALUN\u00cdZATE. En sesi\u00f3n de ma\u00f1ana y tarde centros educativos y p\u00fablico general pudo disfrutar de la nuestra y otras propuestas cient\u00edficas. Han estado involucrados en esta aventura los profesores Abraham, Ana, Milagros, M\u00f3nica,&nbsp; Pedro y Sergio. Gracias a todos los organizadores y participantes.<\/p>\n<p><a href=\"https:\/\/blogsaverroes.juntadeandalucia.es\/iespinorueda\/files\/2025\/05\/ww.png\"><img loading=\"lazy\" decoding=\"async\" class=\"aligncenter size-full wp-image-6323\" src=\"https:\/\/blogsaverroes.juntadeandalucia.es\/iespinorueda\/files\/2025\/05\/ww.png\" alt=\"\" width=\"763\" height=\"572\" srcset=\"https:\/\/blogsaverroes.juntadeandalucia.es\/iespinorueda\/files\/2025\/05\/ww.png 763w, https:\/\/blogsaverroes.juntadeandalucia.es\/iespinorueda\/files\/2025\/05\/ww-300x225.png 300w\" sizes=\"(max-width: 763px) 100vw, 763px\" \/><\/a> <a href=\"https:\/\/blogsaverroes.juntadeandalucia.es\/iespinorueda\/files\/2025\/05\/w.png\"><img loading=\"lazy\" decoding=\"async\" class=\"aligncenter  wp-image-6324\" src=\"https:\/\/blogsaverroes.juntadeandalucia.es\/iespinorueda\/files\/2025\/05\/w-211x300.png\" alt=\"\" width=\"508\" height=\"722\" srcset=\"https:\/\/blogsaverroes.juntadeandalucia.es\/iespinorueda\/files\/2025\/05\/w-211x300.png 211w, https:\/\/blogsaverroes.juntadeandalucia.es\/iespinorueda\/files\/2025\/05\/w.png 444w\" sizes=\"(max-width: 508px) 100vw, 508px\" \/><\/a><\/p>\n","protected":false},"excerpt":{"rendered":"<p>Nuestro centro particip\u00f3 en la vig\u00e9sima tercera edici\u00f3n de la Feria de las Ciencias presentando el proyecto ALUN\u00cdZATE. En sesi\u00f3n&#46;&#46;&#46;<\/p>\n","protected":false},"author":10306,"featured_media":6323,"comment_status":"open","ping_status":"open","sticky":false,"template":"","format":"standard","meta":{"ngg_post_thumbnail":0,"footnotes":""},"categories":[5991,25512,12185,2351655],"tags":[2352045],"aioseo_notices":[],"post_mailing_queue_ids":[],"_links":{"self":[{"href":"https:\/\/blogsaverroes.juntadeandalucia.es\/iespinorueda\/wp-json\/wp\/v2\/posts\/6322"}],"collection":[{"href":"https:\/\/blogsaverroes.juntadeandalucia.es\/iespinorueda\/wp-json\/wp\/v2\/posts"}],"about":[{"href":"https:\/\/blogsaverroes.juntadeandalucia.es\/iespinorueda\/wp-json\/wp\/v2\/types\/post"}],"author":[{"embeddable":true,"href":"https:\/\/blogsaverroes.juntadeandalucia.es\/iespinorueda\/wp-json\/wp\/v2\/users\/10306"}],"replies":[{"embeddable":true,"href":"https:\/\/blogsaverroes.juntadeandalucia.es\/iespinorueda\/wp-json\/wp\/v2\/comments?post=6322"}],"version-history":[{"count":1,"href":"https:\/\/blogsaverroes.juntadeandalucia.es\/iespinorueda\/wp-json\/wp\/v2\/posts\/6322\/revisions"}],"predecessor-version":[{"id":6325,"href":"https:\/\/blogsaverroes.juntadeandalucia.es\/iespinorueda\/wp-json\/wp\/v2\/posts\/6322\/revisions\/6325"}],"wp:featuredmedia":[{"embeddable":true,"href":"https:\/\/blogsaverroes.juntadeandalucia.es\/iespinorueda\/wp-json\/wp\/v2\/media\/6323"}],"wp:attachment":[{"href":"https:\/\/blogsaverroes.juntadeandalucia.es\/iespinorueda\/wp-json\/wp\/v2\/media?parent=6322"}],"wp:term":[{"taxonomy":"category","embeddable":true,"href":"https:\/\/blogsaverroes.juntadeandalucia.es\/iespinorueda\/wp-json\/wp\/v2\/categories?post=6322"},{"taxonomy":"post_tag","embeddable":true,"href":"https:\/\/blogsaverroes.juntadeandalucia.es\/iespinorueda\/wp-json\/wp\/v2\/tags?post=6322"}],"curies":[{"name":"wp","href":"https:\/\/api.w.org\/{rel}","templated":true}]}}