{"id":6423,"date":"2025-09-10T17:36:01","date_gmt":"2025-09-10T16:36:01","guid":{"rendered":"https:\/\/blogsaverroes.juntadeandalucia.es\/iespinorueda\/?p=6423"},"modified":"2025-09-10T17:36:01","modified_gmt":"2025-09-10T16:36:01","slug":"inicio-de-curso-2025-26","status":"publish","type":"post","link":"https:\/\/blogsaverroes.juntadeandalucia.es\/iespinorueda\/inicio-de-curso-2025-26\/","title":{"rendered":"INICIO DE CURSO 2025\/26"},"content":{"rendered":"<p>INICIO DE CURSO 2025. El centro se prepara para recibir al alumnado un a\u00f1o m\u00e1s. Este verano se ha procedido a pintar aulas de nuevo, impermeabilizar parte de la azotea, reparar cubierta de gimnasio para evitar filtraciones, revisi\u00f3n completa de instalaci\u00f3n el\u00e9ctrica y realizaci\u00f3n de distintos trabajos de herrer\u00eda. Estamos asimismo en estos d\u00edas a la espera de nuevas pizarras\/pantallas digitales que sustituir\u00e1n a las m\u00e1s antiguas a\u00fan en uso.<br \/>\nSe iniciar\u00e1 el curso el claustro completo de profesores, adem\u00e1s de nuestras dos ordenanzas y la administrativa. El profesorado est\u00e1 trabajando ya en reuniones por departamentos y niveles, adem\u00e1s de asistir a distintas sesiones formativas sobre atenci\u00f3n a la diversidad, uso del cuaderno S\u00e9neca y, para el profesorado nuevo, sobre procedimientos y protocolos de nuestro centro.<\/p>\n<p><img decoding=\"async\" src=\"https:\/\/scontent-mad2-1.xx.fbcdn.net\/v\/t39.30808-6\/545956126_2231874877275309_3421329268564090219_n.jpg?_nc_cat=110&amp;ccb=1-7&amp;_nc_sid=127cfc&amp;_nc_ohc=ZNGT3FNa1KQQ7kNvwFxFZaT&amp;_nc_oc=AdkwHTyVk2A_ki9oehnkQhlWcvWCdNjpbEROYbp8Gq6H5mO6rsDIcA9MZgiHfrB4DPE&amp;_nc_zt=23&amp;_nc_ht=scontent-mad2-1.xx&amp;_nc_gid=mzYtGwsdoAxOb-5YZDCfhA&amp;oh=00_AfbhhR5IiVf5DHO3Nmu24pLV81jlQxjXLiTylj5VZMfJpw&amp;oe=68C77EFF\" alt=\"Puede ser una imagen de 14 personas, personas estudiando y mesa\"\/><\/p>\n<p><img decoding=\"async\" src=\"https:\/\/scontent-mad1-1.xx.fbcdn.net\/v\/t39.30808-6\/546920015_2231875947275202_377172666336943671_n.jpg?_nc_cat=101&amp;ccb=1-7&amp;_nc_sid=127cfc&amp;_nc_ohc=6hCUzsK_dQwQ7kNvwGsCItv&amp;_nc_oc=AdmdnZMsFWXH7IDNvgigu9F9d6Vsrd0_KJ5UyJXk-5R_Gv_-iYyQKIVuIXtKuWA_4mw&amp;_nc_zt=23&amp;_nc_ht=scontent-mad1-1.xx&amp;_nc_gid=IQKaGNFoaiujlxzNuN5Isg&amp;oh=00_Afbdp0ZiX9BCnwvwA02pNP1clTiXJXEkKbZtvPlzPb7Arg&amp;oe=68C7829D\" alt=\"No hay ninguna descripci\u00f3n de la foto disponible.\"\/><\/p>\n<p><img decoding=\"async\" src=\"https:\/\/scontent-mad2-1.xx.fbcdn.net\/v\/t39.30808-6\/546658178_2231876013941862_446782532894306885_n.jpg?_nc_cat=100&amp;ccb=1-7&amp;_nc_sid=127cfc&amp;_nc_ohc=rEQWnZaO0l8Q7kNvwGKpl42&amp;_nc_oc=Adk5E09SCtd18r1g0-xB2h2gWIcZoArvKMrHKjHiBZnUM8P_HxVqKTyLsmTOYOpaC_w&amp;_nc_zt=23&amp;_nc_ht=scontent-mad2-1.xx&amp;_nc_gid=nNle_9iw1Bh5hn5j1uwB4Q&amp;oh=00_AfbcESTsc96RK13UbONUDzlTdMRO7fO1nWKwoqjDr9adwA&amp;oe=68C794C9\" alt=\"No hay ninguna descripci\u00f3n de la foto disponible.\"\/><\/p>\n","protected":false},"excerpt":{"rendered":"<p>INICIO DE CURSO 2025. El centro se prepara para recibir al alumnado un a\u00f1o m\u00e1s. Este verano se ha procedido&#46;&#46;&#46;<\/p>\n","protected":false},"author":10306,"featured_media":0,"comment_status":"open","ping_status":"open","sticky":false,"template":"","format":"standard","meta":{"ngg_post_thumbnail":0,"footnotes":""},"categories":[1338800,526],"tags":[2351832],"aioseo_notices":[],"post_mailing_queue_ids":[],"_links":{"self":[{"href":"https:\/\/blogsaverroes.juntadeandalucia.es\/iespinorueda\/wp-json\/wp\/v2\/posts\/6423"}],"collection":[{"href":"https:\/\/blogsaverroes.juntadeandalucia.es\/iespinorueda\/wp-json\/wp\/v2\/posts"}],"about":[{"href":"https:\/\/blogsaverroes.juntadeandalucia.es\/iespinorueda\/wp-json\/wp\/v2\/types\/post"}],"author":[{"embeddable":true,"href":"https:\/\/blogsaverroes.juntadeandalucia.es\/iespinorueda\/wp-json\/wp\/v2\/users\/10306"}],"replies":[{"embeddable":true,"href":"https:\/\/blogsaverroes.juntadeandalucia.es\/iespinorueda\/wp-json\/wp\/v2\/comments?post=6423"}],"version-history":[{"count":1,"href":"https:\/\/blogsaverroes.juntadeandalucia.es\/iespinorueda\/wp-json\/wp\/v2\/posts\/6423\/revisions"}],"predecessor-version":[{"id":6424,"href":"https:\/\/blogsaverroes.juntadeandalucia.es\/iespinorueda\/wp-json\/wp\/v2\/posts\/6423\/revisions\/6424"}],"wp:attachment":[{"href":"https:\/\/blogsaverroes.juntadeandalucia.es\/iespinorueda\/wp-json\/wp\/v2\/media?parent=6423"}],"wp:term":[{"taxonomy":"category","embeddable":true,"href":"https:\/\/blogsaverroes.juntadeandalucia.es\/iespinorueda\/wp-json\/wp\/v2\/categories?post=6423"},{"taxonomy":"post_tag","embeddable":true,"href":"https:\/\/blogsaverroes.juntadeandalucia.es\/iespinorueda\/wp-json\/wp\/v2\/tags?post=6423"}],"curies":[{"name":"wp","href":"https:\/\/api.w.org\/{rel}","templated":true}]}}