{"id":6439,"date":"2025-06-01T17:47:53","date_gmt":"2025-06-01T16:47:53","guid":{"rendered":"https:\/\/blogsaverroes.juntadeandalucia.es\/iespinorueda\/?p=6439"},"modified":"2025-09-10T17:50:02","modified_gmt":"2025-09-10T16:50:02","slug":"dia-mundial-sin-tabaco-3","status":"publish","type":"post","link":"https:\/\/blogsaverroes.juntadeandalucia.es\/iespinorueda\/dia-mundial-sin-tabaco-3\/","title":{"rendered":"D\u00cdA MUNDIAL SIN TABACO"},"content":{"rendered":"<div dir=\"auto\">31 de mayo, D\u00cdA MUNDIAL SIN TABACO. Nos sumamos el viernes a la acci\u00f3n de concienciaci\u00f3n del centro de salud, Ayuntamiento de Umbrete y responsables de enfermer\u00eda escolar con motivo de este d\u00eda con el reparto de unas hojas informativas sobre los peligros de &#8220;las nuevas formas de fumar&#8221;: vapeadores y cachimbas.<\/div>\n<div dir=\"auto\">Esta tem\u00e1tica, junto a otras muchas de promoci\u00f3n de la salud y h\u00e1bitos de vida saludable, han sido objeto de talleres y charlas por parte de nuestro enfermero de referencia este curso, Emilio, en coordinaci\u00f3n con nuestra coordinadora en salud, Concha C\u00e1rdenas.<\/div>\n<div dir=\"auto\"><img decoding=\"async\" src=\"https:\/\/scontent-mad1-1.xx.fbcdn.net\/v\/t39.30808-6\/502582704_2146392865823511_4959284034844763993_n.jpg?_nc_cat=107&amp;ccb=1-7&amp;_nc_sid=833d8c&amp;_nc_ohc=9xVrKmRc3QQQ7kNvwFvucZy&amp;_nc_oc=AdmOPXGjEXPgmTqa8-ofljuRBWEcHWNe551_NQ4I4G-Ot5epjsGNmnFt9QSPB0ww0Vg&amp;_nc_zt=23&amp;_nc_ht=scontent-mad1-1.xx&amp;_nc_gid=y1jD8GGz-nGHaUk8Cd4gsQ&amp;oh=00_AfbfkpakogrU7SQs60EPgb4GbPE0xfx2dug7R-ddaHvgIA&amp;oe=68C76C6E\" alt=\"No hay ninguna descripci\u00f3n de la foto disponible.\"\/><\/div>\n<div dir=\"auto\"><img decoding=\"async\" src=\"https:\/\/scontent-mad1-1.xx.fbcdn.net\/v\/t39.30808-6\/502583254_2146392902490174_8797707090335140976_n.jpg?_nc_cat=102&amp;ccb=1-7&amp;_nc_sid=833d8c&amp;_nc_ohc=Hvn7Vqad0asQ7kNvwFFUBxw&amp;_nc_oc=AdmEDNQsOHUYTlTXp3RazuqQ-q4ETguwo1uC_bkWt2xCu_U8zyz3k6UgrcyU5C6gj4k&amp;_nc_zt=23&amp;_nc_ht=scontent-mad1-1.xx&amp;_nc_gid=8Zxk6aWjLSjeyVzY6V_WPA&amp;oh=00_AfYUZPtgtjFOXkSMgGd0gAQVf28e3PZ0jWZPvJPgTA4p1A&amp;oe=68C78632\" alt=\"No hay ninguna descripci\u00f3n de la foto disponible.\"\/><\/div>\n<div dir=\"auto\"><img decoding=\"async\" src=\"https:\/\/scontent-mad2-1.xx.fbcdn.net\/v\/t39.30808-6\/501612918_2146392959156835_1127639374447264337_n.jpg?_nc_cat=109&amp;ccb=1-7&amp;_nc_sid=833d8c&amp;_nc_ohc=f43Eir0R-UIQ7kNvwEy-YlU&amp;_nc_oc=Adm2NahNVWgL3dxpbZ5ukDSJehLAmToV4bK1CrZcu4RnXrXgoMJWFhx3-PO7yjZAUTo&amp;_nc_zt=23&amp;_nc_ht=scontent-mad2-1.xx&amp;_nc_gid=p_uhqb57UJgXn0UMXBTmFg&amp;oh=00_AfYxU2kYBO_-imUzLU91vIyDTl1A4E9paopkeO7f9m-FPg&amp;oe=68C763EF\" alt=\"No hay ninguna descripci\u00f3n de la foto disponible.\"\/><\/div>\n<div dir=\"auto\"><img decoding=\"async\" src=\"https:\/\/scontent-mad1-1.xx.fbcdn.net\/v\/t39.30808-6\/502499239_2146393012490163_3012107085684630300_n.jpg?_nc_cat=105&amp;ccb=1-7&amp;_nc_sid=833d8c&amp;_nc_ohc=T765xXrM9eMQ7kNvwFg0rAO&amp;_nc_oc=AdntALYV92dLGmr-LbCp13PbEorBkeYSnM9vn7e_m2EDv0MzvfGUZpmkqVlGXGYzeYc&amp;_nc_zt=23&amp;_nc_ht=scontent-mad1-1.xx&amp;_nc_gid=zIjTlx5BoVzepHEgBd-MVw&amp;oh=00_Afa_PKTLjDgZH4C64itHzT83mxGLeLZHGGCYWuI5TbJdKA&amp;oe=68C7980F\" alt=\"No hay ninguna descripci\u00f3n de la foto disponible.\"\/><\/div>\n<div dir=\"auto\"><img decoding=\"async\" src=\"https:\/\/scontent-mad2-1.xx.fbcdn.net\/v\/t39.30808-6\/502407489_2146393065823491_5160222513794272491_n.jpg?_nc_cat=110&amp;ccb=1-7&amp;_nc_sid=833d8c&amp;_nc_ohc=vVms6qcyqA8Q7kNvwFFnd5i&amp;_nc_oc=AdmWYHheDTEHh03K_1ElcFx7LGMHHL6iERNcfhgEPNegawYsM1u35k8JH7rSKnukS2w&amp;_nc_zt=23&amp;_nc_ht=scontent-mad2-1.xx&amp;_nc_gid=jNWBbWngKHP91WUuhJsA_A&amp;oh=00_AfZ-D_Bnk84DxCYlvqhO7eq-BsBMarSQ7ii2jYyDnsa62A&amp;oe=68C788FA\" alt=\"No hay ninguna descripci\u00f3n de la foto disponible.\"\/><\/div>\n<div dir=\"auto\">&nbsp;<\/div>\n","protected":false},"excerpt":{"rendered":"<p>31 de mayo, D\u00cdA MUNDIAL SIN TABACO. Nos sumamos el viernes a la acci\u00f3n de concienciaci\u00f3n del centro de salud,&#46;&#46;&#46;<\/p>\n","protected":false},"author":10306,"featured_media":0,"comment_status":"open","ping_status":"open","sticky":false,"template":"","format":"standard","meta":{"ngg_post_thumbnail":0,"footnotes":""},"categories":[2351974],"tags":[2352047],"aioseo_notices":[],"post_mailing_queue_ids":[],"_links":{"self":[{"href":"https:\/\/blogsaverroes.juntadeandalucia.es\/iespinorueda\/wp-json\/wp\/v2\/posts\/6439"}],"collection":[{"href":"https:\/\/blogsaverroes.juntadeandalucia.es\/iespinorueda\/wp-json\/wp\/v2\/posts"}],"about":[{"href":"https:\/\/blogsaverroes.juntadeandalucia.es\/iespinorueda\/wp-json\/wp\/v2\/types\/post"}],"author":[{"embeddable":true,"href":"https:\/\/blogsaverroes.juntadeandalucia.es\/iespinorueda\/wp-json\/wp\/v2\/users\/10306"}],"replies":[{"embeddable":true,"href":"https:\/\/blogsaverroes.juntadeandalucia.es\/iespinorueda\/wp-json\/wp\/v2\/comments?post=6439"}],"version-history":[{"count":1,"href":"https:\/\/blogsaverroes.juntadeandalucia.es\/iespinorueda\/wp-json\/wp\/v2\/posts\/6439\/revisions"}],"predecessor-version":[{"id":6440,"href":"https:\/\/blogsaverroes.juntadeandalucia.es\/iespinorueda\/wp-json\/wp\/v2\/posts\/6439\/revisions\/6440"}],"wp:attachment":[{"href":"https:\/\/blogsaverroes.juntadeandalucia.es\/iespinorueda\/wp-json\/wp\/v2\/media?parent=6439"}],"wp:term":[{"taxonomy":"category","embeddable":true,"href":"https:\/\/blogsaverroes.juntadeandalucia.es\/iespinorueda\/wp-json\/wp\/v2\/categories?post=6439"},{"taxonomy":"post_tag","embeddable":true,"href":"https:\/\/blogsaverroes.juntadeandalucia.es\/iespinorueda\/wp-json\/wp\/v2\/tags?post=6439"}],"curies":[{"name":"wp","href":"https:\/\/api.w.org\/{rel}","templated":true}]}}