{"id":9445,"date":"2022-11-02T11:26:52","date_gmt":"2022-11-02T10:26:52","guid":{"rendered":"https:\/\/iesprofesorjuanbautista.es\/?p=9445"},"modified":"2022-11-02T11:26:52","modified_gmt":"2022-11-02T10:26:52","slug":"visita-del-presidente-de-kokari","status":"publish","type":"post","link":"https:\/\/blogsaverroes.juntadeandalucia.es\/iesprofesorjuanbautista\/2022\/11\/02\/visita-del-presidente-de-kokari\/","title":{"rendered":"VISITA DEL PRESIDENTE DE KOKARI"},"content":{"rendered":"\n<p>El pasado viernes 28 de octubre nos visit\u00f3 Pedro Luis Rojas, Presidente de la Fundaci\u00f3n Kokari.\u00a0<\/p>\n<p>Visit\u00f3 varios grupos y explic\u00f3 al alumnado los proyectos de la Fundaci\u00f3n Kokari, con la que colabora nuestro Instituto desde hace diez a\u00f1os:\u00a0<\/p>\n<ul>\n<li>Becas para \u00c1frica, concretamente para el alumnado de Ben\u00edn, hijos de campesinos pobres<\/li>\n<li>Construcci\u00f3n de una Centro de Formaci\u00f3n rural y promoci\u00f3n de la Mujer<\/li>\n<li>Construcci\u00f3n de una Casa de acogida<\/li>\n<\/ul>\n<p>Perdro Luis insisti\u00f3 a nuestros alumnos y alumnas en la necesidad de que estudiaran y coment\u00f3 el caso de los chicos de Ben\u00edn, que quieren estudiar y no tienen las posibilidades de hacerlo, salvo que reciban la ayuda desde Espa\u00f1a. por ello, les anim\u00f3 a que colaboraran con las actividades solidarias del Instituto para obtener fondos para esta loable causa.<\/p>\n<p>El IES Profesor Juan Bautista y la Fundaci\u00f3n Kokari est\u00e1n convencidos de que que apostar por la educaci\u00f3n supone fomentar el desarrollo en estos pa\u00edses y construirles un futuro s\u00f3lido, que no contribuya a empujarles a emigrar.<\/p>\n","protected":false},"excerpt":{"rendered":"<p>El pasado viernes 28 de octubre nos visit\u00f3 Pedro Luis Rojas, Presidente de la Fundaci\u00f3n Kokari.\u00a0 Visit\u00f3 varios grupos y explic\u00f3 al alumnado los proyectos&hellip;<\/p>\n","protected":false},"author":5510,"featured_media":9446,"comment_status":"closed","ping_status":"closed","sticky":false,"template":"","format":"standard","meta":{"footnotes":""},"categories":[3],"tags":[],"aioseo_notices":[],"_links":{"self":[{"href":"https:\/\/blogsaverroes.juntadeandalucia.es\/iesprofesorjuanbautista\/wp-json\/wp\/v2\/posts\/9445"}],"collection":[{"href":"https:\/\/blogsaverroes.juntadeandalucia.es\/iesprofesorjuanbautista\/wp-json\/wp\/v2\/posts"}],"about":[{"href":"https:\/\/blogsaverroes.juntadeandalucia.es\/iesprofesorjuanbautista\/wp-json\/wp\/v2\/types\/post"}],"author":[{"embeddable":true,"href":"https:\/\/blogsaverroes.juntadeandalucia.es\/iesprofesorjuanbautista\/wp-json\/wp\/v2\/users\/5510"}],"replies":[{"embeddable":true,"href":"https:\/\/blogsaverroes.juntadeandalucia.es\/iesprofesorjuanbautista\/wp-json\/wp\/v2\/comments?post=9445"}],"version-history":[{"count":0,"href":"https:\/\/blogsaverroes.juntadeandalucia.es\/iesprofesorjuanbautista\/wp-json\/wp\/v2\/posts\/9445\/revisions"}],"wp:featuredmedia":[{"embeddable":true,"href":"https:\/\/blogsaverroes.juntadeandalucia.es\/iesprofesorjuanbautista\/wp-json\/wp\/v2\/media\/9446"}],"wp:attachment":[{"href":"https:\/\/blogsaverroes.juntadeandalucia.es\/iesprofesorjuanbautista\/wp-json\/wp\/v2\/media?parent=9445"}],"wp:term":[{"taxonomy":"category","embeddable":true,"href":"https:\/\/blogsaverroes.juntadeandalucia.es\/iesprofesorjuanbautista\/wp-json\/wp\/v2\/categories?post=9445"},{"taxonomy":"post_tag","embeddable":true,"href":"https:\/\/blogsaverroes.juntadeandalucia.es\/iesprofesorjuanbautista\/wp-json\/wp\/v2\/tags?post=9445"}],"curies":[{"name":"wp","href":"https:\/\/api.w.org\/{rel}","templated":true}]}}