{"id":1432,"date":"2022-03-14T12:02:31","date_gmt":"2022-03-14T11:02:31","guid":{"rendered":"https:\/\/blogsaverroes.juntadeandalucia.es\/iespuertadelandevalo\/?p=1432"},"modified":"2022-03-14T12:06:24","modified_gmt":"2022-03-14T11:06:24","slug":"olimpiada-thales","status":"publish","type":"post","link":"https:\/\/blogsaverroes.juntadeandalucia.es\/iespuertadelandevalo\/olimpiada-thales\/","title":{"rendered":"Olimpiada Thales"},"content":{"rendered":"<p><img loading=\"lazy\" decoding=\"async\" class=\" wp-image-1435 alignleft\" src=\"https:\/\/blogsaverroes.juntadeandalucia.es\/iespuertadelandevalo\/files\/2022\/03\/IMG_20220312_125213-210x300.jpg\" alt=\"\" width=\"317\" height=\"453\" srcset=\"https:\/\/blogsaverroes.juntadeandalucia.es\/iespuertadelandevalo\/files\/2022\/03\/IMG_20220312_125213-210x300.jpg 210w, https:\/\/blogsaverroes.juntadeandalucia.es\/iespuertadelandevalo\/files\/2022\/03\/IMG_20220312_125213-718x1024.jpg 718w, https:\/\/blogsaverroes.juntadeandalucia.es\/iespuertadelandevalo\/files\/2022\/03\/IMG_20220312_125213-768x1095.jpg 768w, https:\/\/blogsaverroes.juntadeandalucia.es\/iespuertadelandevalo\/files\/2022\/03\/IMG_20220312_125213-1078x1536.jpg 1078w, https:\/\/blogsaverroes.juntadeandalucia.es\/iespuertadelandevalo\/files\/2022\/03\/IMG_20220312_125213-1437x2048.jpg 1437w, https:\/\/blogsaverroes.juntadeandalucia.es\/iespuertadelandevalo\/files\/2022\/03\/IMG_20220312_125213-scaled.jpg 1796w\" sizes=\"(max-width: 317px) 100vw, 317px\" \/>Otro a\u00f1o m\u00e1s, el pasado s\u00e1bado 12 de marzo, se celebr\u00f3 la XXXVII Olimpiada S.A.E.M. Thales en su fase provincial en el I.E.S. Odiel, de Gibrale\u00f3n. De nuestro centro participaron cinco alumnos, Pedro Jos\u00e9, Raquel, Rom\u00e1n, Ois\u00edn y Javier, acompa\u00f1ados de sus profesores, Aliseda e Ildefonso.&nbsp;<\/p>\n<p>La jornada se desarroll\u00f3 con la recepci\u00f3n a las nueve de la ma\u00f1ana por parte del director, alcaldesa de la localidad y miembros de S.A.E.M. Thales de Huelva. Despu\u00e9s se repartieron los alumnos y alumnas por las aulas y realizaron los seis problemas propuestos. A continuaci\u00f3n tuvimos un d\u00eda de convivencia por Gibrale\u00f3n.&nbsp;<\/p>\n<p>Mucha suerte a todos y todas!!!<\/p>\n<p><img loading=\"lazy\" decoding=\"async\" class=\"alignnone size-medium wp-image-1433\" src=\"https:\/\/blogsaverroes.juntadeandalucia.es\/iespuertadelandevalo\/files\/2022\/03\/IMG_20220312_094554-300x225.jpg\" alt=\"\" width=\"300\" height=\"225\" srcset=\"https:\/\/blogsaverroes.juntadeandalucia.es\/iespuertadelandevalo\/files\/2022\/03\/IMG_20220312_094554-300x225.jpg 300w, https:\/\/blogsaverroes.juntadeandalucia.es\/iespuertadelandevalo\/files\/2022\/03\/IMG_20220312_094554-1024x769.jpg 1024w, https:\/\/blogsaverroes.juntadeandalucia.es\/iespuertadelandevalo\/files\/2022\/03\/IMG_20220312_094554-768x577.jpg 768w, https:\/\/blogsaverroes.juntadeandalucia.es\/iespuertadelandevalo\/files\/2022\/03\/IMG_20220312_094554-1536x1153.jpg 1536w, https:\/\/blogsaverroes.juntadeandalucia.es\/iespuertadelandevalo\/files\/2022\/03\/IMG_20220312_094554-2048x1538.jpg 2048w\" sizes=\"(max-width: 300px) 100vw, 300px\" \/> <img loading=\"lazy\" decoding=\"async\" class=\"alignnone size-medium wp-image-1434\" src=\"https:\/\/blogsaverroes.juntadeandalucia.es\/iespuertadelandevalo\/files\/2022\/03\/IMG_20220312_092650-300x225.jpg\" alt=\"\" width=\"300\" height=\"225\" srcset=\"https:\/\/blogsaverroes.juntadeandalucia.es\/iespuertadelandevalo\/files\/2022\/03\/IMG_20220312_092650-300x225.jpg 300w, https:\/\/blogsaverroes.juntadeandalucia.es\/iespuertadelandevalo\/files\/2022\/03\/IMG_20220312_092650-1024x769.jpg 1024w, https:\/\/blogsaverroes.juntadeandalucia.es\/iespuertadelandevalo\/files\/2022\/03\/IMG_20220312_092650-768x577.jpg 768w, https:\/\/blogsaverroes.juntadeandalucia.es\/iespuertadelandevalo\/files\/2022\/03\/IMG_20220312_092650-1536x1153.jpg 1536w, https:\/\/blogsaverroes.juntadeandalucia.es\/iespuertadelandevalo\/files\/2022\/03\/IMG_20220312_092650-2048x1538.jpg 2048w\" sizes=\"(max-width: 300px) 100vw, 300px\" \/><\/p>\n<p>&nbsp;<\/p>\n","protected":false},"excerpt":{"rendered":"<p>Otro a\u00f1o m\u00e1s, el pasado s\u00e1bado 12 de marzo, se celebr\u00f3 la XXXVII Olimpiada S.A.E.M. Thales en su fase provincial en el I.E.S. Odiel, de Gibrale\u00f3n. De nuestro centro participaron cinco alumnos, Pedro Jos\u00e9,&#46;&#46;&#46;<\/p>\n","protected":false},"author":12609,"featured_media":1433,"comment_status":"closed","ping_status":"open","sticky":false,"template":"","format":"standard","meta":{"ngg_post_thumbnail":0,"footnotes":""},"categories":[26],"tags":[27],"aioseo_notices":[],"_links":{"self":[{"href":"https:\/\/blogsaverroes.juntadeandalucia.es\/iespuertadelandevalo\/wp-json\/wp\/v2\/posts\/1432"}],"collection":[{"href":"https:\/\/blogsaverroes.juntadeandalucia.es\/iespuertadelandevalo\/wp-json\/wp\/v2\/posts"}],"about":[{"href":"https:\/\/blogsaverroes.juntadeandalucia.es\/iespuertadelandevalo\/wp-json\/wp\/v2\/types\/post"}],"author":[{"embeddable":true,"href":"https:\/\/blogsaverroes.juntadeandalucia.es\/iespuertadelandevalo\/wp-json\/wp\/v2\/users\/12609"}],"replies":[{"embeddable":true,"href":"https:\/\/blogsaverroes.juntadeandalucia.es\/iespuertadelandevalo\/wp-json\/wp\/v2\/comments?post=1432"}],"version-history":[{"count":1,"href":"https:\/\/blogsaverroes.juntadeandalucia.es\/iespuertadelandevalo\/wp-json\/wp\/v2\/posts\/1432\/revisions"}],"predecessor-version":[{"id":1437,"href":"https:\/\/blogsaverroes.juntadeandalucia.es\/iespuertadelandevalo\/wp-json\/wp\/v2\/posts\/1432\/revisions\/1437"}],"wp:featuredmedia":[{"embeddable":true,"href":"https:\/\/blogsaverroes.juntadeandalucia.es\/iespuertadelandevalo\/wp-json\/wp\/v2\/media\/1433"}],"wp:attachment":[{"href":"https:\/\/blogsaverroes.juntadeandalucia.es\/iespuertadelandevalo\/wp-json\/wp\/v2\/media?parent=1432"}],"wp:term":[{"taxonomy":"category","embeddable":true,"href":"https:\/\/blogsaverroes.juntadeandalucia.es\/iespuertadelandevalo\/wp-json\/wp\/v2\/categories?post=1432"},{"taxonomy":"post_tag","embeddable":true,"href":"https:\/\/blogsaverroes.juntadeandalucia.es\/iespuertadelandevalo\/wp-json\/wp\/v2\/tags?post=1432"}],"curies":[{"name":"wp","href":"https:\/\/api.w.org\/{rel}","templated":true}]}}