{"id":2589,"date":"2024-02-11T18:22:53","date_gmt":"2024-02-11T18:22:53","guid":{"rendered":"https:\/\/blogsaverroes.juntadeandalucia.es\/iespuertadelmar\/?p=2589"},"modified":"2024-02-20T16:40:12","modified_gmt":"2024-02-20T16:40:12","slug":"proa-transformate","status":"publish","type":"post","link":"https:\/\/blogsaverroes.juntadeandalucia.es\/iespuertadelmar\/2024\/02\/11\/proa-transformate\/","title":{"rendered":"PROA+ TRANSF\u00d3RMATE"},"content":{"rendered":"\t\t<div data-elementor-type=\"wp-post\" data-elementor-id=\"2589\" class=\"elementor elementor-2589\">\n\t\t\t\t\t\t<section class=\"elementor-section elementor-top-section elementor-element elementor-element-dadf7b6 elementor-section-boxed elementor-section-height-default elementor-section-height-default\" data-id=\"dadf7b6\" data-element_type=\"section\">\n\t\t\t\t\t\t<div class=\"elementor-container elementor-column-gap-default\">\n\t\t\t\t\t<div class=\"elementor-column elementor-col-100 elementor-top-column elementor-element elementor-element-e6e6e03\" data-id=\"e6e6e03\" data-element_type=\"column\">\n\t\t\t<div class=\"elementor-widget-wrap elementor-element-populated\">\n\t\t\t\t\t\t<div class=\"elementor-element elementor-element-6930e2a elementor-widget elementor-widget-image\" data-id=\"6930e2a\" data-element_type=\"widget\" data-widget_type=\"image.default\">\n\t\t\t\t<div class=\"elementor-widget-container\">\n\t\t\t\t\t\t\t\t\t\t\t\t\t\t\t<img fetchpriority=\"high\" decoding=\"async\" width=\"1024\" height=\"227\" src=\"https:\/\/blogsaverroes.juntadeandalucia.es\/iespuertadelmar\/files\/2024\/02\/1-1024x227.png\" class=\"attachment-large size-large wp-image-2590\" alt=\"\" srcset=\"https:\/\/blogsaverroes.juntadeandalucia.es\/iespuertadelmar\/files\/2024\/02\/1-1024x227.png 1024w, https:\/\/blogsaverroes.juntadeandalucia.es\/iespuertadelmar\/files\/2024\/02\/1-300x67.png 300w, https:\/\/blogsaverroes.juntadeandalucia.es\/iespuertadelmar\/files\/2024\/02\/1-768x170.png 768w, https:\/\/blogsaverroes.juntadeandalucia.es\/iespuertadelmar\/files\/2024\/02\/1-1536x341.png 1536w, https:\/\/blogsaverroes.juntadeandalucia.es\/iespuertadelmar\/files\/2024\/02\/1.png 1568w\" sizes=\"(max-width: 1024px) 100vw, 1024px\" \/>\t\t\t\t\t\t\t\t\t\t\t\t\t\t\t<\/div>\n\t\t\t\t<\/div>\n\t\t\t\t\t<\/div>\n\t\t<\/div>\n\t\t\t\t\t<\/div>\n\t\t<\/section>\n\t\t\t\t<section class=\"elementor-section elementor-top-section elementor-element elementor-element-bcc50a5 elementor-section-boxed elementor-section-height-default elementor-section-height-default\" data-id=\"bcc50a5\" data-element_type=\"section\">\n\t\t\t\t\t\t<div class=\"elementor-container elementor-column-gap-default\">\n\t\t\t\t\t<div class=\"elementor-column elementor-col-100 elementor-top-column elementor-element elementor-element-6951416\" data-id=\"6951416\" data-element_type=\"column\">\n\t\t\t<div class=\"elementor-widget-wrap elementor-element-populated\">\n\t\t\t\t\t\t<div class=\"elementor-element elementor-element-5a5ff51 elementor-widget elementor-widget-text-editor\" data-id=\"5a5ff51\" data-element_type=\"widget\" data-widget_type=\"text-editor.default\">\n\t\t\t\t<div class=\"elementor-widget-container\">\n\t\t\t\t\t\t\t\t\t<p>El programa <strong>PROA+ TRANSF\u00d3RMATE<\/strong> es un programa financiado con fondos europeos al que nuestro centro se uni\u00f3 el curso 21\/22.<\/p><p>El <strong>objetivo<\/strong> de este programa es caminar hacia una transformaci\u00f3n, hacia un cambio en la manera de enfocar nuestro d\u00eda a d\u00eda, para conseguir que mejore la calidad, equidad, inclusi\u00f3n y el \u00e9xito de <strong>todo<\/strong> <strong>nuestro alumnado<\/strong>.<\/p><p>Este programa nos dota de recursos econ\u00f3micos y una profesora de apoyo (PT), pero son muchos otros los recursos que podemos encontrar a nuestro alrededor y entre ellos est\u00e1n, <strong>LAS FAMILIAS<\/strong>.<\/p><p>Nuestro centro apuesta por el cambio gracias a la colaboraci\u00f3n de toda la <strong>\u00a0COMUNIDAD EDUCATIVA<\/strong>.<\/p>\t\t\t\t\t\t\t\t<\/div>\n\t\t\t\t<\/div>\n\t\t\t\t<div class=\"elementor-element elementor-element-883cade elementor-tabs-view-horizontal elementor-widget elementor-widget-tabs\" data-id=\"883cade\" data-element_type=\"widget\" data-widget_type=\"tabs.default\">\n\t\t\t\t<div class=\"elementor-widget-container\">\n\t\t\t\t\t\t\t<div class=\"elementor-tabs\">\n\t\t\t<div class=\"elementor-tabs-wrapper\" role=\"tablist\" >\n\t\t\t\t\t\t\t\t\t<div id=\"elementor-tab-title-1421\" class=\"elementor-tab-title elementor-tab-desktop-title\" aria-selected=\"true\" data-tab=\"1\" role=\"tab\" tabindex=\"0\" aria-controls=\"elementor-tab-content-1421\" aria-expanded=\"false\">Actividades Palanca<\/div>\n\t\t\t\t\t\t\t\t\t<div id=\"elementor-tab-title-1422\" class=\"elementor-tab-title elementor-tab-desktop-title\" aria-selected=\"false\" data-tab=\"2\" role=\"tab\" tabindex=\"-1\" aria-controls=\"elementor-tab-content-1422\" aria-expanded=\"false\">Im\u00e1genes destacadas<\/div>\n\t\t\t\t\t\t\t<\/div>\n\t\t\t<div class=\"elementor-tabs-content-wrapper\" role=\"tablist\" aria-orientation=\"vertical\">\n\t\t\t\t\t\t\t\t\t<div class=\"elementor-tab-title elementor-tab-mobile-title\" aria-selected=\"true\" data-tab=\"1\" role=\"tab\" tabindex=\"0\" aria-controls=\"elementor-tab-content-1421\" aria-expanded=\"false\">Actividades Palanca<\/div>\n\t\t\t\t\t<div id=\"elementor-tab-content-1421\" class=\"elementor-tab-content elementor-clearfix\" data-tab=\"1\" role=\"tabpanel\" aria-labelledby=\"elementor-tab-title-1421\" tabindex=\"0\" hidden=\"false\"><p>Desde PROA+ T trabajamos:<\/p><ul><li>Evaluaci\u00f3n\/Eliminaci\u00f3n de barreras.<\/li><li>Actividades de refuerzo para la mejora y \u00e9xito educativo para el alumnado y familias.<\/li><li>Plan de acogida al profesorado.<\/li><li>plan de formaci\u00f3n de centro.<\/li><li>Educaci\u00f3n Emocional.<\/li><\/ul><\/div>\n\t\t\t\t\t\t\t\t\t<div class=\"elementor-tab-title elementor-tab-mobile-title\" aria-selected=\"false\" data-tab=\"2\" role=\"tab\" tabindex=\"-1\" aria-controls=\"elementor-tab-content-1422\" aria-expanded=\"false\">Im\u00e1genes destacadas<\/div>\n\t\t\t\t\t<div id=\"elementor-tab-content-1422\" class=\"elementor-tab-content elementor-clearfix\" data-tab=\"2\" role=\"tabpanel\" aria-labelledby=\"elementor-tab-title-1422\" tabindex=\"0\" hidden=\"hidden\"><div id=\"attachment_2879\" style=\"width: 310px\" class=\"wp-caption alignnone\"><a href=\"https:\/\/blogsaverroes.juntadeandalucia.es\/iespuertadelmar\/files\/2024\/02\/0c24c2a0-430d-40fa-9c07-f8b731d32f70.jpg\"><img decoding=\"async\" aria-describedby=\"caption-attachment-2879\" class=\"size-medium wp-image-2879\" src=\"https:\/\/blogsaverroes.juntadeandalucia.es\/iespuertadelmar\/files\/2024\/02\/0c24c2a0-430d-40fa-9c07-f8b731d32f70-300x225.jpg\" alt=\"\" width=\"300\" height=\"225\" srcset=\"https:\/\/blogsaverroes.juntadeandalucia.es\/iespuertadelmar\/files\/2024\/02\/0c24c2a0-430d-40fa-9c07-f8b731d32f70-300x225.jpg 300w, https:\/\/blogsaverroes.juntadeandalucia.es\/iespuertadelmar\/files\/2024\/02\/0c24c2a0-430d-40fa-9c07-f8b731d32f70-1024x768.jpg 1024w, https:\/\/blogsaverroes.juntadeandalucia.es\/iespuertadelmar\/files\/2024\/02\/0c24c2a0-430d-40fa-9c07-f8b731d32f70-768x576.jpg 768w, https:\/\/blogsaverroes.juntadeandalucia.es\/iespuertadelmar\/files\/2024\/02\/0c24c2a0-430d-40fa-9c07-f8b731d32f70-1536x1152.jpg 1536w, https:\/\/blogsaverroes.juntadeandalucia.es\/iespuertadelmar\/files\/2024\/02\/0c24c2a0-430d-40fa-9c07-f8b731d32f70.jpg 1600w\" sizes=\"(max-width: 300px) 100vw, 300px\" \/><\/a><p id=\"caption-attachment-2879\" class=\"wp-caption-text\">Grupos Cooperativos con FAMILIAS<\/p><\/div><div id=\"attachment_2878\" style=\"width: 235px\" class=\"wp-caption alignnone\"><a href=\"https:\/\/blogsaverroes.juntadeandalucia.es\/iespuertadelmar\/files\/2024\/02\/c4e7df5d-5fd3-4014-b78f-8c1f109ffdc3.jpg\"><img decoding=\"async\" aria-describedby=\"caption-attachment-2878\" class=\"size-medium wp-image-2878\" src=\"https:\/\/blogsaverroes.juntadeandalucia.es\/iespuertadelmar\/files\/2024\/02\/c4e7df5d-5fd3-4014-b78f-8c1f109ffdc3-225x300.jpg\" alt=\"\" width=\"225\" height=\"300\" srcset=\"https:\/\/blogsaverroes.juntadeandalucia.es\/iespuertadelmar\/files\/2024\/02\/c4e7df5d-5fd3-4014-b78f-8c1f109ffdc3-225x300.jpg 225w, https:\/\/blogsaverroes.juntadeandalucia.es\/iespuertadelmar\/files\/2024\/02\/c4e7df5d-5fd3-4014-b78f-8c1f109ffdc3-768x1024.jpg 768w, https:\/\/blogsaverroes.juntadeandalucia.es\/iespuertadelmar\/files\/2024\/02\/c4e7df5d-5fd3-4014-b78f-8c1f109ffdc3-1152x1536.jpg 1152w, https:\/\/blogsaverroes.juntadeandalucia.es\/iespuertadelmar\/files\/2024\/02\/c4e7df5d-5fd3-4014-b78f-8c1f109ffdc3.jpg 1200w\" sizes=\"(max-width: 225px) 100vw, 225px\" \/><\/a><p id=\"caption-attachment-2878\" class=\"wp-caption-text\">CO-DOCENCIA en el aula<\/p><\/div><p>\u00a0<\/p><\/div>\n\t\t\t\t\t\t\t<\/div>\n\t\t<\/div>\n\t\t\t\t\t\t<\/div>\n\t\t\t\t<\/div>\n\t\t\t\t\t<\/div>\n\t\t<\/div>\n\t\t\t\t\t<\/div>\n\t\t<\/section>\n\t\t\t\t<section class=\"elementor-section elementor-top-section elementor-element elementor-element-c8a0d9f elementor-section-boxed elementor-section-height-default elementor-section-height-default\" data-id=\"c8a0d9f\" data-element_type=\"section\">\n\t\t\t\t\t\t<div class=\"elementor-container elementor-column-gap-default\">\n\t\t\t\t\t<div class=\"elementor-column elementor-col-100 elementor-top-column elementor-element elementor-element-06c6b72\" data-id=\"06c6b72\" data-element_type=\"column\">\n\t\t\t<div class=\"elementor-widget-wrap elementor-element-populated\">\n\t\t\t\t\t\t<div class=\"elementor-element elementor-element-b65142f elementor-widget elementor-widget-image\" data-id=\"b65142f\" data-element_type=\"widget\" data-widget_type=\"image.default\">\n\t\t\t\t<div class=\"elementor-widget-container\">\n\t\t\t\t\t\t\t\t\t\t\t\t\t\t\t<img loading=\"lazy\" decoding=\"async\" width=\"876\" height=\"736\" src=\"https:\/\/blogsaverroes.juntadeandalucia.es\/iespuertadelmar\/files\/2024\/02\/2.png\" class=\"attachment-large size-large wp-image-2591\" alt=\"\" srcset=\"https:\/\/blogsaverroes.juntadeandalucia.es\/iespuertadelmar\/files\/2024\/02\/2.png 876w, https:\/\/blogsaverroes.juntadeandalucia.es\/iespuertadelmar\/files\/2024\/02\/2-300x252.png 300w, https:\/\/blogsaverroes.juntadeandalucia.es\/iespuertadelmar\/files\/2024\/02\/2-768x645.png 768w\" sizes=\"(max-width: 876px) 100vw, 876px\" \/>\t\t\t\t\t\t\t\t\t\t\t\t\t\t\t<\/div>\n\t\t\t\t<\/div>\n\t\t\t\t\t<\/div>\n\t\t<\/div>\n\t\t\t\t\t<\/div>\n\t\t<\/section>\n\t\t\t\t<section class=\"elementor-section elementor-top-section elementor-element elementor-element-31b64cf elementor-section-boxed elementor-section-height-default elementor-section-height-default\" data-id=\"31b64cf\" data-element_type=\"section\">\n\t\t\t\t\t\t<div class=\"elementor-container elementor-column-gap-default\">\n\t\t\t\t\t<div class=\"elementor-column elementor-col-100 elementor-top-column elementor-element elementor-element-aaea9d0\" data-id=\"aaea9d0\" data-element_type=\"column\">\n\t\t\t<div class=\"elementor-widget-wrap\">\n\t\t\t\t\t\t\t<\/div>\n\t\t<\/div>\n\t\t\t\t\t<\/div>\n\t\t<\/section>\n\t\t\t\t<section class=\"elementor-section elementor-top-section elementor-element elementor-element-d891368 elementor-section-boxed elementor-section-height-default elementor-section-height-default\" data-id=\"d891368\" data-element_type=\"section\">\n\t\t\t\t\t\t<div class=\"elementor-container elementor-column-gap-default\">\n\t\t\t\t\t<div class=\"elementor-column elementor-col-100 elementor-top-column elementor-element elementor-element-5355164\" data-id=\"5355164\" data-element_type=\"column\">\n\t\t\t<div class=\"elementor-widget-wrap elementor-element-populated\">\n\t\t\t\t\t\t<div class=\"elementor-element elementor-element-0a2fa50 elementor-widget elementor-widget-google_maps\" data-id=\"0a2fa50\" data-element_type=\"widget\" data-widget_type=\"google_maps.default\">\n\t\t\t\t<div class=\"elementor-widget-container\">\n\t\t\t\t\t\t\t<div class=\"elementor-custom-embed\">\n\t\t\t<iframe loading=\"lazy\"\n\t\t\t\t\tsrc=\"https:\/\/maps.google.com\/maps?q=IES%20Puerta%20del%20Mar%20Almu%C3%B1%C3%A9car&#038;t=m&#038;z=10&#038;output=embed&#038;iwloc=near\"\n\t\t\t\t\ttitle=\"IES Puerta del Mar Almu\u00f1\u00e9car\"\n\t\t\t\t\taria-label=\"IES Puerta del Mar Almu\u00f1\u00e9car\"\n\t\t\t><\/iframe>\n\t\t<\/div>\n\t\t\t\t\t\t<\/div>\n\t\t\t\t<\/div>\n\t\t\t\t\t<\/div>\n\t\t<\/div>\n\t\t\t\t\t<\/div>\n\t\t<\/section>\n\t\t\t\t<\/div>\n\t\t","protected":false},"excerpt":{"rendered":"<p>El programa PROA+ TRANSF\u00d3RMATE es un programa financiado con fondos europeos al que nuestro centro se uni\u00f3 el curso 21\/22. El objetivo de este programa es caminar hacia una transformaci\u00f3n,&#46;&#46;&#46;<\/p>\n","protected":false},"author":19234,"featured_media":2732,"comment_status":"open","ping_status":"open","sticky":false,"template":"","format":"standard","meta":{"ngg_post_thumbnail":0,"footnotes":""},"categories":[307417],"tags":[],"aioseo_notices":[],"_links":{"self":[{"href":"https:\/\/blogsaverroes.juntadeandalucia.es\/iespuertadelmar\/wp-json\/wp\/v2\/posts\/2589"}],"collection":[{"href":"https:\/\/blogsaverroes.juntadeandalucia.es\/iespuertadelmar\/wp-json\/wp\/v2\/posts"}],"about":[{"href":"https:\/\/blogsaverroes.juntadeandalucia.es\/iespuertadelmar\/wp-json\/wp\/v2\/types\/post"}],"author":[{"embeddable":true,"href":"https:\/\/blogsaverroes.juntadeandalucia.es\/iespuertadelmar\/wp-json\/wp\/v2\/users\/19234"}],"replies":[{"embeddable":true,"href":"https:\/\/blogsaverroes.juntadeandalucia.es\/iespuertadelmar\/wp-json\/wp\/v2\/comments?post=2589"}],"version-history":[{"count":11,"href":"https:\/\/blogsaverroes.juntadeandalucia.es\/iespuertadelmar\/wp-json\/wp\/v2\/posts\/2589\/revisions"}],"predecessor-version":[{"id":2920,"href":"https:\/\/blogsaverroes.juntadeandalucia.es\/iespuertadelmar\/wp-json\/wp\/v2\/posts\/2589\/revisions\/2920"}],"wp:featuredmedia":[{"embeddable":true,"href":"https:\/\/blogsaverroes.juntadeandalucia.es\/iespuertadelmar\/wp-json\/wp\/v2\/media\/2732"}],"wp:attachment":[{"href":"https:\/\/blogsaverroes.juntadeandalucia.es\/iespuertadelmar\/wp-json\/wp\/v2\/media?parent=2589"}],"wp:term":[{"taxonomy":"category","embeddable":true,"href":"https:\/\/blogsaverroes.juntadeandalucia.es\/iespuertadelmar\/wp-json\/wp\/v2\/categories?post=2589"},{"taxonomy":"post_tag","embeddable":true,"href":"https:\/\/blogsaverroes.juntadeandalucia.es\/iespuertadelmar\/wp-json\/wp\/v2\/tags?post=2589"}],"curies":[{"name":"wp","href":"https:\/\/api.w.org\/{rel}","templated":true}]}}