{"id":3047,"date":"2024-03-13T07:42:00","date_gmt":"2024-03-13T07:42:00","guid":{"rendered":"https:\/\/blogsaverroes.juntadeandalucia.es\/iespuertadelmar\/?p=3047"},"modified":"2024-09-29T01:02:42","modified_gmt":"2024-09-29T01:02:42","slug":"campamento-de-frances-2o-y-3o-eso","status":"publish","type":"post","link":"https:\/\/blogsaverroes.juntadeandalucia.es\/iespuertadelmar\/2024\/03\/13\/campamento-de-frances-2o-y-3o-eso\/","title":{"rendered":"CAMPAMENTO DE FRANC\u00c9S 2\u00ba Y 3\u00ba ESO"},"content":{"rendered":"\t\t<div data-elementor-type=\"wp-post\" data-elementor-id=\"3047\" class=\"elementor elementor-3047\">\n\t\t\t\t\t\t<section class=\"elementor-section elementor-top-section elementor-element elementor-element-fe0e46b elementor-section-boxed elementor-section-height-default elementor-section-height-default\" data-id=\"fe0e46b\" data-element_type=\"section\">\n\t\t\t\t\t\t<div class=\"elementor-container elementor-column-gap-default\">\n\t\t\t\t\t<div class=\"elementor-column elementor-col-100 elementor-top-column elementor-element elementor-element-b930937\" data-id=\"b930937\" data-element_type=\"column\">\n\t\t\t<div class=\"elementor-widget-wrap elementor-element-populated\">\n\t\t\t\t\t\t<div class=\"elementor-element elementor-element-2a4050d elementor-widget elementor-widget-text-editor\" data-id=\"2a4050d\" data-element_type=\"widget\" data-widget_type=\"text-editor.default\">\n\t\t\t\t<div class=\"elementor-widget-container\">\n\t\t\t\t\t\t\t\t\t<p>II CAMPAMENTO DE INMERSI\u00d3N LING\u00dc\u00cdSTICA <br \/>Por segundo a\u00f1o consecutivo Departamento de franc\u00e9s ha puesto en marcha el campamento de inmersi\u00f3n ling\u00fc\u00edstica en franc\u00e9s.<\/p><p>D\u00eda 1<br \/>Despu\u00e9s de la presentaci\u00f3n y el reparto de las habitaciones, los alumnos han recorrido las instalaciones. Despu\u00e9s de comer han realizado un taller sobre personajes franc\u00f3fonos y los han presentado a sus compa\u00f1eros.<br \/>Despu\u00e9s de merendar, han participado en un trivial gigante.<br \/>Y para terminar, despu\u00e9s de cenar, han disfrutado de una pel\u00edcula francesa y a dormir.<br \/>\u00a1Ma\u00f1ana les esperan grandes sorpresas!<\/p>\t\t\t\t\t\t\t\t<\/div>\n\t\t\t\t<\/div>\n\t\t\t\t<div class=\"elementor-element elementor-element-2d85e77 elementor-widget elementor-widget-image\" data-id=\"2d85e77\" data-element_type=\"widget\" data-widget_type=\"image.default\">\n\t\t\t\t<div class=\"elementor-widget-container\">\n\t\t\t\t\t\t\t\t\t\t\t\t\t\t\t<img fetchpriority=\"high\" decoding=\"async\" width=\"1024\" height=\"771\" src=\"https:\/\/blogsaverroes.juntadeandalucia.es\/iespuertadelmar\/files\/2024\/03\/WhatsApp-Image-2024-03-12-at-13.51.30-1024x771.jpeg\" class=\"attachment-large size-large wp-image-3050\" alt=\"\" srcset=\"https:\/\/blogsaverroes.juntadeandalucia.es\/iespuertadelmar\/files\/2024\/03\/WhatsApp-Image-2024-03-12-at-13.51.30-1024x771.jpeg 1024w, https:\/\/blogsaverroes.juntadeandalucia.es\/iespuertadelmar\/files\/2024\/03\/WhatsApp-Image-2024-03-12-at-13.51.30-300x226.jpeg 300w, https:\/\/blogsaverroes.juntadeandalucia.es\/iespuertadelmar\/files\/2024\/03\/WhatsApp-Image-2024-03-12-at-13.51.30-768x578.jpeg 768w, https:\/\/blogsaverroes.juntadeandalucia.es\/iespuertadelmar\/files\/2024\/03\/WhatsApp-Image-2024-03-12-at-13.51.30-1536x1157.jpeg 1536w, https:\/\/blogsaverroes.juntadeandalucia.es\/iespuertadelmar\/files\/2024\/03\/WhatsApp-Image-2024-03-12-at-13.51.30.jpeg 1600w\" sizes=\"(max-width: 1024px) 100vw, 1024px\" \/>\t\t\t\t\t\t\t\t\t\t\t\t\t\t\t<\/div>\n\t\t\t\t<\/div>\n\t\t\t\t\t<\/div>\n\t\t<\/div>\n\t\t\t\t\t<\/div>\n\t\t<\/section>\n\t\t\t\t<\/div>\n\t\t","protected":false},"excerpt":{"rendered":"<p>II CAMPAMENTO DE INMERSI\u00d3N LING\u00dc\u00cdSTICA Por segundo a\u00f1o consecutivo Departamento de franc\u00e9s ha puesto en marcha el campamento de inmersi\u00f3n ling\u00fc\u00edstica en franc\u00e9s. D\u00eda 1Despu\u00e9s de la presentaci\u00f3n y el&#46;&#46;&#46;<\/p>\n","protected":false},"author":19235,"featured_media":3048,"comment_status":"open","ping_status":"open","sticky":false,"template":"","format":"standard","meta":{"ngg_post_thumbnail":0,"footnotes":""},"categories":[307422,25502],"tags":[],"aioseo_notices":[],"_links":{"self":[{"href":"https:\/\/blogsaverroes.juntadeandalucia.es\/iespuertadelmar\/wp-json\/wp\/v2\/posts\/3047"}],"collection":[{"href":"https:\/\/blogsaverroes.juntadeandalucia.es\/iespuertadelmar\/wp-json\/wp\/v2\/posts"}],"about":[{"href":"https:\/\/blogsaverroes.juntadeandalucia.es\/iespuertadelmar\/wp-json\/wp\/v2\/types\/post"}],"author":[{"embeddable":true,"href":"https:\/\/blogsaverroes.juntadeandalucia.es\/iespuertadelmar\/wp-json\/wp\/v2\/users\/19235"}],"replies":[{"embeddable":true,"href":"https:\/\/blogsaverroes.juntadeandalucia.es\/iespuertadelmar\/wp-json\/wp\/v2\/comments?post=3047"}],"version-history":[{"count":4,"href":"https:\/\/blogsaverroes.juntadeandalucia.es\/iespuertadelmar\/wp-json\/wp\/v2\/posts\/3047\/revisions"}],"predecessor-version":[{"id":3053,"href":"https:\/\/blogsaverroes.juntadeandalucia.es\/iespuertadelmar\/wp-json\/wp\/v2\/posts\/3047\/revisions\/3053"}],"wp:featuredmedia":[{"embeddable":true,"href":"https:\/\/blogsaverroes.juntadeandalucia.es\/iespuertadelmar\/wp-json\/wp\/v2\/media\/3048"}],"wp:attachment":[{"href":"https:\/\/blogsaverroes.juntadeandalucia.es\/iespuertadelmar\/wp-json\/wp\/v2\/media?parent=3047"}],"wp:term":[{"taxonomy":"category","embeddable":true,"href":"https:\/\/blogsaverroes.juntadeandalucia.es\/iespuertadelmar\/wp-json\/wp\/v2\/categories?post=3047"},{"taxonomy":"post_tag","embeddable":true,"href":"https:\/\/blogsaverroes.juntadeandalucia.es\/iespuertadelmar\/wp-json\/wp\/v2\/tags?post=3047"}],"curies":[{"name":"wp","href":"https:\/\/api.w.org\/{rel}","templated":true}]}}