{"id":5432,"date":"2025-02-11T10:40:05","date_gmt":"2025-02-11T10:40:05","guid":{"rendered":"https:\/\/blogsaverroes.juntadeandalucia.es\/iespuertadelmar\/?p=5432"},"modified":"2025-02-14T17:57:47","modified_gmt":"2025-02-14T17:57:47","slug":"plan-de-igualdad-stop-acoso-lgtbifobia","status":"publish","type":"post","link":"https:\/\/blogsaverroes.juntadeandalucia.es\/iespuertadelmar\/2025\/02\/11\/plan-de-igualdad-stop-acoso-lgtbifobia\/","title":{"rendered":"Plan de Igualdad: STOP Acoso &#8211; LGTBIfobia"},"content":{"rendered":"\t\t<div data-elementor-type=\"wp-post\" data-elementor-id=\"5432\" class=\"elementor elementor-5432\">\n\t\t\t\t\t\t<section class=\"elementor-section elementor-top-section elementor-element elementor-element-2ad2dc6 elementor-section-boxed elementor-section-height-default elementor-section-height-default\" data-id=\"2ad2dc6\" data-element_type=\"section\">\n\t\t\t\t\t\t<div class=\"elementor-container elementor-column-gap-default\">\n\t\t\t\t\t<div class=\"elementor-column elementor-col-100 elementor-top-column elementor-element elementor-element-135d6ee\" data-id=\"135d6ee\" data-element_type=\"column\">\n\t\t\t<div class=\"elementor-widget-wrap elementor-element-populated\">\n\t\t\t\t\t\t<div class=\"elementor-element elementor-element-0993315 elementor-widget elementor-widget-text-editor\" data-id=\"0993315\" data-element_type=\"widget\" data-widget_type=\"text-editor.default\">\n\t\t\t\t<div class=\"elementor-widget-container\">\n\t\t\t\t\t\t\t\t\t<p>\ud83d\udce2\ud83d\udc9c\ud83d\uded1 STOP ACOSO ESCOLAR \ud83d\uded1\ud83d\udc9c\ud83d\udce2<\/p><p>El pasado viernes, todo el alumnado de 2\u00ba de ESO ha participado en un taller sobre acoso escolar y LGTBIfobia, reflexionando sobre la importancia del respeto, la empat\u00eda y la diversidad en nuestro centro. \ud83d\udcac\u2728<\/p><p>A trav\u00e9s de din\u00e1micas participativas, hemos aprendido a identificar, prevenir y actuar ante cualquier forma de discriminaci\u00f3n o violencia. Porque en nuestro instituto NO hay lugar para el odio: \u00a1aqu\u00ed construimos un espacio seguro y libre para tod@s! \ud83c\udff3\u200d\ud83c\udf08\u270a<\/p><p>De la mano de un gran profesional @el_pelirrojo_de_las_charlas<\/p><p>#StopAcosoEscolar #LGTBIfobiaCero #ConvivenciaPositiva #RespetoYDiversidad<\/p>\t\t\t\t\t\t\t\t<\/div>\n\t\t\t\t<\/div>\n\t\t\t\t\t<\/div>\n\t\t<\/div>\n\t\t\t\t\t<\/div>\n\t\t<\/section>\n\t\t\t\t<section class=\"elementor-section elementor-top-section elementor-element elementor-element-a2f7303 elementor-section-boxed elementor-section-height-default elementor-section-height-default\" data-id=\"a2f7303\" data-element_type=\"section\">\n\t\t\t\t\t\t<div class=\"elementor-container elementor-column-gap-default\">\n\t\t\t\t\t<div class=\"elementor-column elementor-col-100 elementor-top-column elementor-element elementor-element-27865f1\" data-id=\"27865f1\" data-element_type=\"column\">\n\t\t\t<div class=\"elementor-widget-wrap elementor-element-populated\">\n\t\t\t\t\t\t<div class=\"elementor-element elementor-element-cad8006 elementor-widget elementor-widget-image\" data-id=\"cad8006\" data-element_type=\"widget\" data-widget_type=\"image.default\">\n\t\t\t\t<div class=\"elementor-widget-container\">\n\t\t\t\t\t\t\t\t\t\t\t\t\t\t\t<img fetchpriority=\"high\" decoding=\"async\" width=\"768\" height=\"1024\" src=\"https:\/\/blogsaverroes.juntadeandalucia.es\/iespuertadelmar\/files\/2025\/02\/Imagen-de-WhatsApp-2025-02-10-a-las-15.14.19_72fa23fb-768x1024.jpg\" class=\"attachment-large size-large wp-image-5433\" alt=\"\" srcset=\"https:\/\/blogsaverroes.juntadeandalucia.es\/iespuertadelmar\/files\/2025\/02\/Imagen-de-WhatsApp-2025-02-10-a-las-15.14.19_72fa23fb-768x1024.jpg 768w, https:\/\/blogsaverroes.juntadeandalucia.es\/iespuertadelmar\/files\/2025\/02\/Imagen-de-WhatsApp-2025-02-10-a-las-15.14.19_72fa23fb-225x300.jpg 225w, https:\/\/blogsaverroes.juntadeandalucia.es\/iespuertadelmar\/files\/2025\/02\/Imagen-de-WhatsApp-2025-02-10-a-las-15.14.19_72fa23fb-1152x1536.jpg 1152w, https:\/\/blogsaverroes.juntadeandalucia.es\/iespuertadelmar\/files\/2025\/02\/Imagen-de-WhatsApp-2025-02-10-a-las-15.14.19_72fa23fb.jpg 1200w\" sizes=\"(max-width: 768px) 100vw, 768px\" \/>\t\t\t\t\t\t\t\t\t\t\t\t\t\t\t<\/div>\n\t\t\t\t<\/div>\n\t\t\t\t\t<\/div>\n\t\t<\/div>\n\t\t\t\t\t<\/div>\n\t\t<\/section>\n\t\t\t\t<\/div>\n\t\t","protected":false},"excerpt":{"rendered":"<p>\ud83d\udce2\ud83d\udc9c\ud83d\uded1 STOP ACOSO ESCOLAR \ud83d\uded1\ud83d\udc9c\ud83d\udce2 El pasado viernes, todo el alumnado de 2\u00ba de ESO ha participado en un taller sobre acoso escolar y LGTBIfobia, reflexionando sobre la importancia del&#46;&#46;&#46;<\/p>\n","protected":false},"author":19235,"featured_media":5433,"comment_status":"open","ping_status":"open","sticky":false,"template":"","format":"standard","meta":{"ngg_post_thumbnail":0,"footnotes":""},"categories":[307429],"tags":[],"aioseo_notices":[],"_links":{"self":[{"href":"https:\/\/blogsaverroes.juntadeandalucia.es\/iespuertadelmar\/wp-json\/wp\/v2\/posts\/5432"}],"collection":[{"href":"https:\/\/blogsaverroes.juntadeandalucia.es\/iespuertadelmar\/wp-json\/wp\/v2\/posts"}],"about":[{"href":"https:\/\/blogsaverroes.juntadeandalucia.es\/iespuertadelmar\/wp-json\/wp\/v2\/types\/post"}],"author":[{"embeddable":true,"href":"https:\/\/blogsaverroes.juntadeandalucia.es\/iespuertadelmar\/wp-json\/wp\/v2\/users\/19235"}],"replies":[{"embeddable":true,"href":"https:\/\/blogsaverroes.juntadeandalucia.es\/iespuertadelmar\/wp-json\/wp\/v2\/comments?post=5432"}],"version-history":[{"count":4,"href":"https:\/\/blogsaverroes.juntadeandalucia.es\/iespuertadelmar\/wp-json\/wp\/v2\/posts\/5432\/revisions"}],"predecessor-version":[{"id":5479,"href":"https:\/\/blogsaverroes.juntadeandalucia.es\/iespuertadelmar\/wp-json\/wp\/v2\/posts\/5432\/revisions\/5479"}],"wp:featuredmedia":[{"embeddable":true,"href":"https:\/\/blogsaverroes.juntadeandalucia.es\/iespuertadelmar\/wp-json\/wp\/v2\/media\/5433"}],"wp:attachment":[{"href":"https:\/\/blogsaverroes.juntadeandalucia.es\/iespuertadelmar\/wp-json\/wp\/v2\/media?parent=5432"}],"wp:term":[{"taxonomy":"category","embeddable":true,"href":"https:\/\/blogsaverroes.juntadeandalucia.es\/iespuertadelmar\/wp-json\/wp\/v2\/categories?post=5432"},{"taxonomy":"post_tag","embeddable":true,"href":"https:\/\/blogsaverroes.juntadeandalucia.es\/iespuertadelmar\/wp-json\/wp\/v2\/tags?post=5432"}],"curies":[{"name":"wp","href":"https:\/\/api.w.org\/{rel}","templated":true}]}}