{"id":5842,"date":"2025-06-23T09:33:18","date_gmt":"2025-06-23T09:33:18","guid":{"rendered":"https:\/\/blogsaverroes.juntadeandalucia.es\/iespuertadelmar\/?p=5842"},"modified":"2025-06-30T19:23:29","modified_gmt":"2025-06-30T19:23:29","slug":"ganadores-del-concurso-de-pasapalabra","status":"publish","type":"post","link":"https:\/\/blogsaverroes.juntadeandalucia.es\/iespuertadelmar\/2025\/06\/23\/ganadores-del-concurso-de-pasapalabra\/","title":{"rendered":"Ganadores del concurso de Pasapalabra"},"content":{"rendered":"\t\t<div data-elementor-type=\"wp-post\" data-elementor-id=\"5842\" class=\"elementor elementor-5842\">\n\t\t\t\t\t\t<section class=\"elementor-section elementor-top-section elementor-element elementor-element-494e900 elementor-section-boxed elementor-section-height-default elementor-section-height-default\" data-id=\"494e900\" data-element_type=\"section\">\n\t\t\t\t\t\t<div class=\"elementor-container elementor-column-gap-default\">\n\t\t\t\t\t<div class=\"elementor-column elementor-col-100 elementor-top-column elementor-element elementor-element-a0fb79e\" data-id=\"a0fb79e\" data-element_type=\"column\">\n\t\t\t<div class=\"elementor-widget-wrap elementor-element-populated\">\n\t\t\t\t\t\t<div class=\"elementor-element elementor-element-ecf53b1 elementor-widget elementor-widget-text-editor\" data-id=\"ecf53b1\" data-element_type=\"widget\" data-widget_type=\"text-editor.default\">\n\t\t\t\t<div class=\"elementor-widget-container\">\n\t\t\t\t\t\t\t\t\t<p style=\"text-align: justify\">Durante la Semana Cultural celebramos un concurso de Pasapalabra sobre la tem\u00e1tica de la Paz, que era el centro de inter\u00e9s. Se realiz\u00f3 en dos modalidades: A) 1\u00ba y 2\u00ba de ESO y B) 3\u00ba y 4\u00ba de ESO.<br \/><br \/>Resultaron ganadores los siguientes alumnos:<br \/>Modalidad A: 1\u00ba. Luc\u00eda Guidet de 1\u00ba A, 2\u00ba. Izan Jim\u00e9nez de 1\u00ba C y 3\u00ba. Elena Moreno de 2\u00ba B.<br \/><br \/>Modalidad B: 1\u00ba. Marta Fern\u00e1ndez de 4\u00ba C, 2\u00ba. Jos\u00e9 Andr\u00e9s Torres de 4\u00ba A y 3\u00ba. Francisco Arag\u00f3n de 3\u00ba B<br \/><br \/>Enhorabuena a los ganadores y gracias a todos los participantes.<\/p>\t\t\t\t\t\t\t\t<\/div>\n\t\t\t\t<\/div>\n\t\t\t\t\t<\/div>\n\t\t<\/div>\n\t\t\t\t\t<\/div>\n\t\t<\/section>\n\t\t\t\t<section class=\"elementor-section elementor-top-section elementor-element elementor-element-b8b27d2 elementor-section-boxed elementor-section-height-default elementor-section-height-default\" data-id=\"b8b27d2\" data-element_type=\"section\">\n\t\t\t\t\t\t<div class=\"elementor-container elementor-column-gap-default\">\n\t\t\t\t\t<div class=\"elementor-column elementor-col-100 elementor-top-column elementor-element elementor-element-59d0ce1\" data-id=\"59d0ce1\" data-element_type=\"column\">\n\t\t\t<div class=\"elementor-widget-wrap elementor-element-populated\">\n\t\t\t\t\t\t<div class=\"elementor-element elementor-element-eceae7d elementor-arrows-position-inside elementor-pagination-position-outside elementor-widget elementor-widget-image-carousel\" data-id=\"eceae7d\" data-element_type=\"widget\" data-settings=\"{&quot;slides_to_show&quot;:&quot;2&quot;,&quot;navigation&quot;:&quot;both&quot;,&quot;autoplay&quot;:&quot;yes&quot;,&quot;pause_on_hover&quot;:&quot;yes&quot;,&quot;pause_on_interaction&quot;:&quot;yes&quot;,&quot;autoplay_speed&quot;:5000,&quot;infinite&quot;:&quot;yes&quot;,&quot;speed&quot;:500}\" data-widget_type=\"image-carousel.default\">\n\t\t\t\t<div class=\"elementor-widget-container\">\n\t\t\t\t\t\t\t<div class=\"elementor-image-carousel-wrapper swiper\" role=\"region\" aria-roledescription=\"carousel\" aria-label=\"Ganadores\" dir=\"ltr\">\n\t\t\t<div class=\"elementor-image-carousel swiper-wrapper\" aria-live=\"off\">\n\t\t\t\t\t\t\t\t<div class=\"swiper-slide\" role=\"group\" aria-roledescription=\"slide\" aria-label=\"1 de 5\"><figure class=\"swiper-slide-inner\"><img decoding=\"async\" class=\"swiper-slide-image\" src=\"https:\/\/blogsaverroes.juntadeandalucia.es\/iespuertadelmar\/files\/2025\/06\/Imagen-de-WhatsApp-2025-06-23-a-las-11.25.22_5a800e22-768x1024.jpg\" alt=\"Imagen de WhatsApp 2025-06-23 a las 11.25.22_5a800e22\" \/><\/figure><\/div><div class=\"swiper-slide\" role=\"group\" aria-roledescription=\"slide\" aria-label=\"2 de 5\"><figure class=\"swiper-slide-inner\"><img decoding=\"async\" class=\"swiper-slide-image\" src=\"https:\/\/blogsaverroes.juntadeandalucia.es\/iespuertadelmar\/files\/2025\/06\/Imagen-de-WhatsApp-2025-06-23-a-las-11.25.23_8df2b59e-768x1024.jpg\" alt=\"Imagen de WhatsApp 2025-06-23 a las 11.25.23_8df2b59e\" \/><\/figure><\/div><div class=\"swiper-slide\" role=\"group\" aria-roledescription=\"slide\" aria-label=\"3 de 5\"><figure class=\"swiper-slide-inner\"><img decoding=\"async\" class=\"swiper-slide-image\" src=\"https:\/\/blogsaverroes.juntadeandalucia.es\/iespuertadelmar\/files\/2025\/06\/Imagen-de-WhatsApp-2025-06-23-a-las-11.25.23_9fba048c-768x1024.jpg\" alt=\"Imagen de WhatsApp 2025-06-23 a las 11.25.23_9fba048c\" \/><\/figure><\/div><div class=\"swiper-slide\" role=\"group\" aria-roledescription=\"slide\" aria-label=\"4 de 5\"><figure class=\"swiper-slide-inner\"><img decoding=\"async\" class=\"swiper-slide-image\" src=\"https:\/\/blogsaverroes.juntadeandalucia.es\/iespuertadelmar\/files\/2025\/06\/Imagen-de-WhatsApp-2025-06-23-a-las-11.25.23_a72d15b3-768x1024.jpg\" alt=\"Imagen de WhatsApp 2025-06-23 a las 11.25.23_a72d15b3\" \/><\/figure><\/div><div class=\"swiper-slide\" role=\"group\" aria-roledescription=\"slide\" aria-label=\"5 de 5\"><figure class=\"swiper-slide-inner\"><img decoding=\"async\" class=\"swiper-slide-image\" src=\"https:\/\/blogsaverroes.juntadeandalucia.es\/iespuertadelmar\/files\/2025\/06\/Imagen-de-WhatsApp-2025-06-23-a-las-11.25.23_c0f49e64-768x1024.jpg\" alt=\"Imagen de WhatsApp 2025-06-23 a las 11.25.23_c0f49e64\" \/><\/figure><\/div>\t\t\t<\/div>\n\t\t\t\t\t\t\t\t\t\t\t\t<div class=\"elementor-swiper-button elementor-swiper-button-prev\" role=\"button\" tabindex=\"0\">\n\t\t\t\t\t\t<i aria-hidden=\"true\" class=\"eicon-chevron-left\"><\/i>\t\t\t\t\t<\/div>\n\t\t\t\t\t<div class=\"elementor-swiper-button elementor-swiper-button-next\" role=\"button\" tabindex=\"0\">\n\t\t\t\t\t\t<i aria-hidden=\"true\" class=\"eicon-chevron-right\"><\/i>\t\t\t\t\t<\/div>\n\t\t\t\t\n\t\t\t\t\t\t\t\t\t<div class=\"swiper-pagination\"><\/div>\n\t\t\t\t\t\t\t\t\t<\/div>\n\t\t\t\t\t\t<\/div>\n\t\t\t\t<\/div>\n\t\t\t\t\t<\/div>\n\t\t<\/div>\n\t\t\t\t\t<\/div>\n\t\t<\/section>\n\t\t\t\t<\/div>\n\t\t","protected":false},"excerpt":{"rendered":"<p>Durante la Semana Cultural celebramos un concurso de Pasapalabra sobre la tem\u00e1tica de la Paz, que era el centro de inter\u00e9s. Se realiz\u00f3 en dos modalidades: A) 1\u00ba y 2\u00ba&#46;&#46;&#46;<\/p>\n","protected":false},"author":19232,"featured_media":5847,"comment_status":"open","ping_status":"open","sticky":false,"template":"","format":"standard","meta":{"ngg_post_thumbnail":0,"footnotes":""},"categories":[213],"tags":[],"aioseo_notices":[],"_links":{"self":[{"href":"https:\/\/blogsaverroes.juntadeandalucia.es\/iespuertadelmar\/wp-json\/wp\/v2\/posts\/5842"}],"collection":[{"href":"https:\/\/blogsaverroes.juntadeandalucia.es\/iespuertadelmar\/wp-json\/wp\/v2\/posts"}],"about":[{"href":"https:\/\/blogsaverroes.juntadeandalucia.es\/iespuertadelmar\/wp-json\/wp\/v2\/types\/post"}],"author":[{"embeddable":true,"href":"https:\/\/blogsaverroes.juntadeandalucia.es\/iespuertadelmar\/wp-json\/wp\/v2\/users\/19232"}],"replies":[{"embeddable":true,"href":"https:\/\/blogsaverroes.juntadeandalucia.es\/iespuertadelmar\/wp-json\/wp\/v2\/comments?post=5842"}],"version-history":[{"count":5,"href":"https:\/\/blogsaverroes.juntadeandalucia.es\/iespuertadelmar\/wp-json\/wp\/v2\/posts\/5842\/revisions"}],"predecessor-version":[{"id":5854,"href":"https:\/\/blogsaverroes.juntadeandalucia.es\/iespuertadelmar\/wp-json\/wp\/v2\/posts\/5842\/revisions\/5854"}],"wp:featuredmedia":[{"embeddable":true,"href":"https:\/\/blogsaverroes.juntadeandalucia.es\/iespuertadelmar\/wp-json\/wp\/v2\/media\/5847"}],"wp:attachment":[{"href":"https:\/\/blogsaverroes.juntadeandalucia.es\/iespuertadelmar\/wp-json\/wp\/v2\/media?parent=5842"}],"wp:term":[{"taxonomy":"category","embeddable":true,"href":"https:\/\/blogsaverroes.juntadeandalucia.es\/iespuertadelmar\/wp-json\/wp\/v2\/categories?post=5842"},{"taxonomy":"post_tag","embeddable":true,"href":"https:\/\/blogsaverroes.juntadeandalucia.es\/iespuertadelmar\/wp-json\/wp\/v2\/tags?post=5842"}],"curies":[{"name":"wp","href":"https:\/\/api.w.org\/{rel}","templated":true}]}}