{"id":1624,"date":"2022-04-06T09:03:03","date_gmt":"2022-04-06T08:03:03","guid":{"rendered":"https:\/\/blogsaverroes.juntadeandalucia.es\/iesreyalabez\/?p=1624"},"modified":"2023-10-25T13:29:16","modified_gmt":"2023-10-25T12:29:16","slug":"ya-estan-aqui-nuestros-socios-eramus","status":"publish","type":"post","link":"https:\/\/blogsaverroes.juntadeandalucia.es\/iesreyalabez\/ya-estan-aqui-nuestros-socios-eramus\/","title":{"rendered":"\u00a1Ya est\u00e1n aqu\u00ed nuestros socios Eramus+!"},"content":{"rendered":"<p>Del cuatro al ocho de abril, recibimos a nuestros compa\u00f1er@s del Programa Erasmus + que se desarrolla en el centro. Tenemos la suerte de contar con alumnado y profesorado de Francia, Ruman\u00eda, Alemania y Holanda. Tambi\u00e9n participa en el proyecto profesorado y alumnado de Finlandia pero no han podido asistir a este primer encuentro.<\/p>\n<p><img loading=\"lazy\" decoding=\"async\" class=\"wp-image-1625 alignleft\" src=\"https:\/\/blogsaverroes.juntadeandalucia.es\/iesreyalabez\/files\/2022\/04\/IMG-20220406-WA0001.jpg\" alt=\"\" width=\"407\" height=\"407\"><\/p>\n<p>Durante toda su estancia, se realizan actividades donde el alumnado puede aprender y convivir. Es una experiencia enriquecedora para tod@s:<\/p>\n<p style=\"text-align: center\"><span style=\"font-size: 24pt\">Bienvenid@s!!!<\/span><\/p>\n<p><span style=\"font-size: 18pt\">CALENDARIO DE ACTIVIDADES: <a href=\"https:\/\/www.canva.com\/design\/DAE5wo6E22U\/pcXqciqCoJe5u951nTnTPQ\/edit?utm_content=DAE5wo6E22U&amp;utm_campaign=designshare&amp;utm_medium=link2&amp;utm_source=sharebutton\">PINCHA AQU\u00cd<\/a><\/span><\/p>\n<table style=\"border-collapse: collapse;width: 99.7788%;height: 1135px\">\n<tbody>\n<tr style=\"height: 23px\">\n<td style=\"width: 100%;height: 23px\">ALGUNAS ACTIVIDADES:<\/td>\n<\/tr>\n<tr style=\"height: 341px\">\n<td style=\"width: 100%;height: 341px\"><iframe loading=\"lazy\" src=\"https:\/\/docs.google.com\/presentation\/d\/e\/2PACX-1vRLsJeU_MP1M40uYbiPHMwBAjUls88H-1zrpMnP6PGuKXmS9iFsfICPE4KAEF-w1WK9HsymGiwZ0c5C\/embed?start=false&amp;loop=false&amp;delayms=3000\" width=\"480\" height=\"299\" frameborder=\"0\"><\/iframe><\/p>\n<p><iframe loading=\"lazy\" src=\"\/\/www.youtube.com\/embed\/7HgoCacKHiE\" width=\"560\" height=\"315\" frameborder=\"0\"><\/iframe><\/p>\n<p><iframe loading=\"lazy\" src=\"https:\/\/docs.google.com\/presentation\/d\/e\/2PACX-1vSiMkIQpdPLgTH_e1Y49atM-Vlre8A0xZwxONqQcCzLsfSD1CRiZRXomBP5FPW0mVElzA7tkK90mCZo\/embed?start=false&amp;loop=false&amp;delayms=3000\" width=\"480\" height=\"299\" frameborder=\"0\"><\/iframe><\/p>\n<p><img loading=\"lazy\" decoding=\"async\" class=\"alignnone size-full wp-image-2118\" src=\"https:\/\/blogsaverroes.juntadeandalucia.es\/iesreyalabez\/files\/2023\/10\/logo-confinanciado.png\" alt=\"\" width=\"8493\" height=\"1780\" srcset=\"https:\/\/blogsaverroes.juntadeandalucia.es\/iesreyalabez\/files\/2023\/10\/logo-confinanciado.png 8493w, https:\/\/blogsaverroes.juntadeandalucia.es\/iesreyalabez\/files\/2023\/10\/logo-confinanciado-1280x268.png 1280w, https:\/\/blogsaverroes.juntadeandalucia.es\/iesreyalabez\/files\/2023\/10\/logo-confinanciado-980x205.png 980w, https:\/\/blogsaverroes.juntadeandalucia.es\/iesreyalabez\/files\/2023\/10\/logo-confinanciado-480x101.png 480w\" sizes=\"(min-width: 0px) and (max-width: 480px) 480px, (min-width: 481px) and (max-width: 980px) 980px, (min-width: 981px) and (max-width: 1280px) 1280px, (min-width: 1281px) 8493px, 100vw\" \/><\/td>\n<\/tr>\n<\/tbody>\n<\/table>\n<p>&nbsp;<\/p>\n","protected":false},"excerpt":{"rendered":"<p>Del cuatro al ocho de abril, recibimos a nuestros compa\u00f1er@s del Programa Erasmus + que se desarrolla en el centro. Tenemos la suerte de contar con alumnado y profesorado de Francia, Ruman\u00eda, Alemania y Holanda. Tambi\u00e9n participa en el proyecto profesorado y alumnado de Finlandia pero no han podido asistir a este primer encuentro. Durante [&hellip;]<\/p>\n","protected":false},"author":7589,"featured_media":0,"comment_status":"closed","ping_status":"open","sticky":false,"template":"","format":"standard","meta":{"_et_pb_use_builder":"","_et_pb_old_content":"","_et_gb_content_width":"","ngg_post_thumbnail":0,"footnotes":""},"categories":[12,3],"tags":[24],"aioseo_notices":[],"_links":{"self":[{"href":"https:\/\/blogsaverroes.juntadeandalucia.es\/iesreyalabez\/wp-json\/wp\/v2\/posts\/1624"}],"collection":[{"href":"https:\/\/blogsaverroes.juntadeandalucia.es\/iesreyalabez\/wp-json\/wp\/v2\/posts"}],"about":[{"href":"https:\/\/blogsaverroes.juntadeandalucia.es\/iesreyalabez\/wp-json\/wp\/v2\/types\/post"}],"author":[{"embeddable":true,"href":"https:\/\/blogsaverroes.juntadeandalucia.es\/iesreyalabez\/wp-json\/wp\/v2\/users\/7589"}],"replies":[{"embeddable":true,"href":"https:\/\/blogsaverroes.juntadeandalucia.es\/iesreyalabez\/wp-json\/wp\/v2\/comments?post=1624"}],"version-history":[{"count":8,"href":"https:\/\/blogsaverroes.juntadeandalucia.es\/iesreyalabez\/wp-json\/wp\/v2\/posts\/1624\/revisions"}],"predecessor-version":[{"id":2124,"href":"https:\/\/blogsaverroes.juntadeandalucia.es\/iesreyalabez\/wp-json\/wp\/v2\/posts\/1624\/revisions\/2124"}],"wp:attachment":[{"href":"https:\/\/blogsaverroes.juntadeandalucia.es\/iesreyalabez\/wp-json\/wp\/v2\/media?parent=1624"}],"wp:term":[{"taxonomy":"category","embeddable":true,"href":"https:\/\/blogsaverroes.juntadeandalucia.es\/iesreyalabez\/wp-json\/wp\/v2\/categories?post=1624"},{"taxonomy":"post_tag","embeddable":true,"href":"https:\/\/blogsaverroes.juntadeandalucia.es\/iesreyalabez\/wp-json\/wp\/v2\/tags?post=1624"}],"curies":[{"name":"wp","href":"https:\/\/api.w.org\/{rel}","templated":true}]}}