{"id":2048,"date":"2023-07-03T06:46:33","date_gmt":"2023-07-03T05:46:33","guid":{"rendered":"https:\/\/blogsaverroes.juntadeandalucia.es\/iesreyalabez\/?p=2048"},"modified":"2023-07-03T06:48:51","modified_gmt":"2023-07-03T05:48:51","slug":"curriculo-de-eso","status":"publish","type":"post","link":"https:\/\/blogsaverroes.juntadeandalucia.es\/iesreyalabez\/curriculo-de-eso\/","title":{"rendered":"Curr\u00edculo de ESO."},"content":{"rendered":"<p>Se adjuntan los Anexos correspondientes de la Orden 30 de mayo de 2023 por la que se desarrolla el curr\u00edculo correspondiente a la etapa de Educaci\u00f3n Secundaria Obligatoria en la Comunidad Aut\u00f3noma de Andaluc\u00eda, se regulan determinados aspectos de la atenci\u00f3n a la diversidad y a las diferencias individuales, se establece la ordenaci\u00f3n de la evaluaci\u00f3n del proceso de aprendizaje del alumnado y se determina el proceso de tr\u00e1nsito entre las diferentes etapas educativas (BOJA 02-06-2023)<\/p>\n<p><a href=\"https:\/\/blogsaverroes.juntadeandalucia.es\/iesreyalabez\/files\/2023\/07\/Orden30mayo2023-ESO-Anexo2-Materias-comunes-obligatorias-y-optativas.pdf\">Anexo II: Materias comunes obligatorias y optativas<\/a><\/p>\n<p><a href=\"https:\/\/blogsaverroes.juntadeandalucia.es\/iesreyalabez\/files\/2023\/07\/Orden30mayo2023ESO-Anexo3-Materias-optativas-propias-de-la-Comunidad-Andaluza.pdf\">Anexo III: Materias optativas propias de la Comunidad Andaluza<\/a><\/p>\n<p><a href=\"https:\/\/blogsaverroes.juntadeandalucia.es\/iesreyalabez\/files\/2023\/07\/Orden30mayo2023ESO-Anexo4-\u00c1mbitos-Programa-de-Diversificaci\u00f3n-Curricular.pdf\">Anexo IV: \u00c1mbitos del Programa de Diversificaci\u00f3n Curricular<\/a><\/p>\n","protected":false},"excerpt":{"rendered":"<p>Se adjuntan los Anexos correspondientes de la Orden 30 de mayo de 2023 por la que se desarrolla el curr\u00edculo correspondiente a la etapa de Educaci\u00f3n Secundaria Obligatoria en la Comunidad Aut\u00f3noma de Andaluc\u00eda, se regulan determinados aspectos de la atenci\u00f3n a la diversidad y a las diferencias individuales, se establece la ordenaci\u00f3n de la [&hellip;]<\/p>\n","protected":false},"author":13258,"featured_media":0,"comment_status":"closed","ping_status":"open","sticky":false,"template":"","format":"standard","meta":{"_et_pb_use_builder":"","_et_pb_old_content":"","_et_gb_content_width":"","ngg_post_thumbnail":0,"footnotes":""},"categories":[3],"tags":[27],"aioseo_notices":[],"_links":{"self":[{"href":"https:\/\/blogsaverroes.juntadeandalucia.es\/iesreyalabez\/wp-json\/wp\/v2\/posts\/2048"}],"collection":[{"href":"https:\/\/blogsaverroes.juntadeandalucia.es\/iesreyalabez\/wp-json\/wp\/v2\/posts"}],"about":[{"href":"https:\/\/blogsaverroes.juntadeandalucia.es\/iesreyalabez\/wp-json\/wp\/v2\/types\/post"}],"author":[{"embeddable":true,"href":"https:\/\/blogsaverroes.juntadeandalucia.es\/iesreyalabez\/wp-json\/wp\/v2\/users\/13258"}],"replies":[{"embeddable":true,"href":"https:\/\/blogsaverroes.juntadeandalucia.es\/iesreyalabez\/wp-json\/wp\/v2\/comments?post=2048"}],"version-history":[{"count":3,"href":"https:\/\/blogsaverroes.juntadeandalucia.es\/iesreyalabez\/wp-json\/wp\/v2\/posts\/2048\/revisions"}],"predecessor-version":[{"id":2054,"href":"https:\/\/blogsaverroes.juntadeandalucia.es\/iesreyalabez\/wp-json\/wp\/v2\/posts\/2048\/revisions\/2054"}],"wp:attachment":[{"href":"https:\/\/blogsaverroes.juntadeandalucia.es\/iesreyalabez\/wp-json\/wp\/v2\/media?parent=2048"}],"wp:term":[{"taxonomy":"category","embeddable":true,"href":"https:\/\/blogsaverroes.juntadeandalucia.es\/iesreyalabez\/wp-json\/wp\/v2\/categories?post=2048"},{"taxonomy":"post_tag","embeddable":true,"href":"https:\/\/blogsaverroes.juntadeandalucia.es\/iesreyalabez\/wp-json\/wp\/v2\/tags?post=2048"}],"curies":[{"name":"wp","href":"https:\/\/api.w.org\/{rel}","templated":true}]}}