{"id":2056,"date":"2023-07-04T11:11:06","date_gmt":"2023-07-04T10:11:06","guid":{"rendered":"https:\/\/blogsaverroes.juntadeandalucia.es\/iesreyalabez\/?p=2056"},"modified":"2023-10-25T13:23:25","modified_gmt":"2023-10-25T12:23:25","slug":"ceremonia-de-clausura-de-nuestro-erasmus","status":"publish","type":"post","link":"https:\/\/blogsaverroes.juntadeandalucia.es\/iesreyalabez\/ceremonia-de-clausura-de-nuestro-erasmus\/","title":{"rendered":"Ceremonia de Clausura de nuestro Erasmus+"},"content":{"rendered":"<p><span style=\"color: #000000\">El 26 de Junio se ha celebrado en la Biblioteca del IES, la ceremonia de clausura de nuestro proyecto Erasmus+ KA229 &#8220;Developing Students\u00b4 social and emotional learning through games, music an outdoor activities&#8221;.<\/span><\/p>\n<p><span style=\"color: #000000\">Este proyecto se ha desarrollado durante los tres \u00faltimos cursos escolares y ha implicado la realizaci\u00f3n de actividades motivadoras en colaboraci\u00f3n con centros educativos de Francia, Finlandia, Pa\u00edses Bajos, Alemania y Ruman\u00eda.<\/span><\/p>\n<p><iframe loading=\"lazy\" src=\"\/\/www.youtube.com\/embed\/BDaFd1CePMo\" width=\"560\" height=\"315\" frameborder=\"0\"><\/iframe><\/p>\n<p><span style=\"color: #000000\">El Diario de Almer\u00eda dedica una entrada a este evento:<\/span> <a href=\"https:\/\/www.diariodealmeria.es\/provincia\/IES-Rey-Alabez-Mojacar-Erasmus_0_1808219352.html\">https:\/\/www.diariodealmeria.es\/provincia\/IES-Rey-Alabez-Mojacar-Erasmus_0_1808219352.html<\/a><\/p>\n<p><img loading=\"lazy\" decoding=\"async\" class=\"size-full wp-image-2118 aligncenter\" src=\"https:\/\/blogsaverroes.juntadeandalucia.es\/iesreyalabez\/files\/2023\/10\/logo-confinanciado.png\" alt=\"\" width=\"8493\" height=\"1780\" srcset=\"https:\/\/blogsaverroes.juntadeandalucia.es\/iesreyalabez\/files\/2023\/10\/logo-confinanciado.png 8493w, https:\/\/blogsaverroes.juntadeandalucia.es\/iesreyalabez\/files\/2023\/10\/logo-confinanciado-1280x268.png 1280w, https:\/\/blogsaverroes.juntadeandalucia.es\/iesreyalabez\/files\/2023\/10\/logo-confinanciado-980x205.png 980w, https:\/\/blogsaverroes.juntadeandalucia.es\/iesreyalabez\/files\/2023\/10\/logo-confinanciado-480x101.png 480w\" sizes=\"(min-width: 0px) and (max-width: 480px) 480px, (min-width: 481px) and (max-width: 980px) 980px, (min-width: 981px) and (max-width: 1280px) 1280px, (min-width: 1281px) 8493px, 100vw\" \/><\/p>\n","protected":false},"excerpt":{"rendered":"<p>El 26 de Junio se ha celebrado en la Biblioteca del IES, la ceremonia de clausura de nuestro proyecto Erasmus+ KA229 &#8220;Developing Students\u00b4 social and emotional learning through games, music an outdoor activities&#8221;. Este proyecto se ha desarrollado durante los tres \u00faltimos cursos escolares y ha implicado la realizaci\u00f3n de actividades motivadoras en colaboraci\u00f3n con [&hellip;]<\/p>\n","protected":false},"author":7589,"featured_media":0,"comment_status":"closed","ping_status":"open","sticky":false,"template":"","format":"standard","meta":{"_et_pb_use_builder":"","_et_pb_old_content":"","_et_gb_content_width":"","ngg_post_thumbnail":0,"footnotes":""},"categories":[25,3],"tags":[],"aioseo_notices":[],"_links":{"self":[{"href":"https:\/\/blogsaverroes.juntadeandalucia.es\/iesreyalabez\/wp-json\/wp\/v2\/posts\/2056"}],"collection":[{"href":"https:\/\/blogsaverroes.juntadeandalucia.es\/iesreyalabez\/wp-json\/wp\/v2\/posts"}],"about":[{"href":"https:\/\/blogsaverroes.juntadeandalucia.es\/iesreyalabez\/wp-json\/wp\/v2\/types\/post"}],"author":[{"embeddable":true,"href":"https:\/\/blogsaverroes.juntadeandalucia.es\/iesreyalabez\/wp-json\/wp\/v2\/users\/7589"}],"replies":[{"embeddable":true,"href":"https:\/\/blogsaverroes.juntadeandalucia.es\/iesreyalabez\/wp-json\/wp\/v2\/comments?post=2056"}],"version-history":[{"count":2,"href":"https:\/\/blogsaverroes.juntadeandalucia.es\/iesreyalabez\/wp-json\/wp\/v2\/posts\/2056\/revisions"}],"predecessor-version":[{"id":2121,"href":"https:\/\/blogsaverroes.juntadeandalucia.es\/iesreyalabez\/wp-json\/wp\/v2\/posts\/2056\/revisions\/2121"}],"wp:attachment":[{"href":"https:\/\/blogsaverroes.juntadeandalucia.es\/iesreyalabez\/wp-json\/wp\/v2\/media?parent=2056"}],"wp:term":[{"taxonomy":"category","embeddable":true,"href":"https:\/\/blogsaverroes.juntadeandalucia.es\/iesreyalabez\/wp-json\/wp\/v2\/categories?post=2056"},{"taxonomy":"post_tag","embeddable":true,"href":"https:\/\/blogsaverroes.juntadeandalucia.es\/iesreyalabez\/wp-json\/wp\/v2\/tags?post=2056"}],"curies":[{"name":"wp","href":"https:\/\/api.w.org\/{rel}","templated":true}]}}