{"id":2447,"date":"2024-06-17T08:03:39","date_gmt":"2024-06-17T07:03:39","guid":{"rendered":"https:\/\/blogsaverroes.juntadeandalucia.es\/iesreyalabez\/?p=2447"},"modified":"2024-06-17T08:03:39","modified_gmt":"2024-06-17T07:03:39","slug":"admision-y-matriculacion-fp-curso-24-25","status":"publish","type":"post","link":"https:\/\/blogsaverroes.juntadeandalucia.es\/iesreyalabez\/admision-y-matriculacion-fp-curso-24-25\/","title":{"rendered":"Admisi\u00f3n y matriculaci\u00f3n FP curso 24-25"},"content":{"rendered":"<p><span style=\"color: #000000\">Oferta de ciclos formativos de grado medio para el pr\u00f3ximo <span style=\"text-decoration: underline\">curso escolar 24-25<\/span> en el <span style=\"text-decoration: underline\">IES Rey Alabez<\/span>:<\/span><\/p>\n<ul>\n<li><span style=\"color: #000000\">Cocina y Gastronom\u00eda.<\/span><\/li>\n<li><span style=\"color: #000000\">Servicios en Restauraci\u00f3n.<br \/>\n<\/span><\/li>\n<\/ul>\n<p><span style=\"color: #000000\"><strong><span style=\"text-decoration: underline\">ADMISI\u00d3N PARA EL PRIMER CURSO<\/span> DE LOS CICLOS FORMATIVOS DE GRADO MEDIO:<\/strong><\/span><\/p>\n<ul>\n<li><span style=\"color: #000000\">PLAZO: del 15 de junio al 01 de julio.<\/span><\/li>\n<li><span style=\"color: #000000\">C\u00d3MO: teletramitada en la Web <span style=\"color: #3366ff\"><a style=\"color: #3366ff\" href=\"https:\/\/www.juntadeandalucia.es\/educacion\/secretariavirtual\/\">&#8220;Secretar\u00eda virtual&#8221;<\/a><\/span><\/span><\/li>\n<li><span style=\"color: #000000\">Una vez finalizado el plazo de admisi\u00f3n, hay que consultar si se ha obtenido plaza. <span style=\"text-decoration: underline\">En caso de haber obtenido plaza<\/span> en alguno de los ciclos solicitados, <strong><span style=\"text-decoration: underline\">se realiza LA MATR\u00cdCULA O RESERVA DE LA PLAZA<\/span>.<\/strong><\/span><\/li>\n<li><span style=\"color: #000000\"><span style=\"text-decoration: underline\">En caso de no haber obtenido plaza<\/span>, hay que estar pendientes de <span style=\"text-decoration: underline\">siguientes adjudicaciones<\/span>, ya que cabe la posibilidad de que se consiga en siguientes fases del proceso de admisi\u00f3n o en listas de espera.<br \/>\n<\/span><\/li>\n<\/ul>\n<p style=\"text-align: left\"><span style=\"color: #000000\"><strong><span style=\"text-decoration: underline\">RESTO DE ALUMNADO (REPETICI\u00d3N DE 1\u00ba O PROMOCI\u00d3N A 2\u00ba)<\/span>:<\/strong><\/span><\/p>\n<ul style=\"text-align: left\">\n<li><span style=\"color: #000000\">PLAZO: Del 25 de junio al 01 de Julio.<\/span><\/li>\n<li><span style=\"color: #000000\">C\u00d3MO: teletramitada en la Web <a href=\"https:\/\/www.juntadeandalucia.es\/educacion\/secretariavirtual\/\">&#8220;Secretar\u00eda virtual&#8221;<\/a><br \/>\n<\/span><span style=\"color: #000000\"><br \/>\n<\/span><\/li>\n<\/ul>\n<p><span style=\"color: #000000\"><span style=\"text-decoration: underline\">PARA M\u00c1S INFORMACI\u00d3N<\/span>:<\/span><\/p>\n<ul>\n<li><a href=\"https:\/\/blogsaverroes.juntadeandalucia.es\/iesreyalabez\/files\/2023\/06\/CICLOS-FP-REY-ALABEZ-A3.pdf\">CICLOS FP REY ALABEZ (A3)<\/a><\/li>\n<li><a href=\"https:\/\/www.juntadeandalucia.es\/educacion\/portales\/web\/escolarizacion\/fp\">Escolarizaci\u00f3n FP<\/a><\/li>\n<li><a href=\"https:\/\/www.juntadeandalucia.es\/educacion\/portals\/web\/formacion-profesional-andaluza\">Portal de FP de la Junta de Andaluc\u00eda<\/a><\/li>\n<\/ul>\n<p>&nbsp;<\/p>\n<p>&nbsp;<\/p>\n<p>&nbsp;<\/p>\n","protected":false},"excerpt":{"rendered":"<p>Oferta de ciclos formativos de grado medio para el pr\u00f3ximo curso escolar 24-25 en el IES Rey Alabez: Cocina y Gastronom\u00eda. Servicios en Restauraci\u00f3n. ADMISI\u00d3N PARA EL PRIMER CURSO DE LOS CICLOS FORMATIVOS DE GRADO MEDIO: PLAZO: del 15 de junio al 01 de julio. C\u00d3MO: teletramitada en la Web &#8220;Secretar\u00eda virtual&#8221; Una vez finalizado [&hellip;]<\/p>\n","protected":false},"author":7589,"featured_media":0,"comment_status":"closed","ping_status":"open","sticky":false,"template":"","format":"standard","meta":{"_et_pb_use_builder":"","_et_pb_old_content":"","_et_gb_content_width":"","ngg_post_thumbnail":0,"footnotes":""},"categories":[28,11,3],"tags":[],"aioseo_notices":[],"_links":{"self":[{"href":"https:\/\/blogsaverroes.juntadeandalucia.es\/iesreyalabez\/wp-json\/wp\/v2\/posts\/2447"}],"collection":[{"href":"https:\/\/blogsaverroes.juntadeandalucia.es\/iesreyalabez\/wp-json\/wp\/v2\/posts"}],"about":[{"href":"https:\/\/blogsaverroes.juntadeandalucia.es\/iesreyalabez\/wp-json\/wp\/v2\/types\/post"}],"author":[{"embeddable":true,"href":"https:\/\/blogsaverroes.juntadeandalucia.es\/iesreyalabez\/wp-json\/wp\/v2\/users\/7589"}],"replies":[{"embeddable":true,"href":"https:\/\/blogsaverroes.juntadeandalucia.es\/iesreyalabez\/wp-json\/wp\/v2\/comments?post=2447"}],"version-history":[{"count":1,"href":"https:\/\/blogsaverroes.juntadeandalucia.es\/iesreyalabez\/wp-json\/wp\/v2\/posts\/2447\/revisions"}],"predecessor-version":[{"id":2448,"href":"https:\/\/blogsaverroes.juntadeandalucia.es\/iesreyalabez\/wp-json\/wp\/v2\/posts\/2447\/revisions\/2448"}],"wp:attachment":[{"href":"https:\/\/blogsaverroes.juntadeandalucia.es\/iesreyalabez\/wp-json\/wp\/v2\/media?parent=2447"}],"wp:term":[{"taxonomy":"category","embeddable":true,"href":"https:\/\/blogsaverroes.juntadeandalucia.es\/iesreyalabez\/wp-json\/wp\/v2\/categories?post=2447"},{"taxonomy":"post_tag","embeddable":true,"href":"https:\/\/blogsaverroes.juntadeandalucia.es\/iesreyalabez\/wp-json\/wp\/v2\/tags?post=2447"}],"curies":[{"name":"wp","href":"https:\/\/api.w.org\/{rel}","templated":true}]}}