{"id":2479,"date":"2024-07-02T12:32:20","date_gmt":"2024-07-02T11:32:20","guid":{"rendered":"https:\/\/blogsaverroes.juntadeandalucia.es\/iesreyalabez\/?p=2479"},"modified":"2024-07-02T12:32:58","modified_gmt":"2024-07-02T11:32:58","slug":"libros-de-texto-24-25","status":"publish","type":"post","link":"https:\/\/blogsaverroes.juntadeandalucia.es\/iesreyalabez\/libros-de-texto-24-25\/","title":{"rendered":"Libros de Texto 24-25"},"content":{"rendered":"<p><span style=\"color: #000000\">De cara al pr\u00f3ximo curso escolar 24-25 se va a proceder a la renovaci\u00f3n de los libros de 1\u00ba, 2\u00ba y 3\u00ba de ESO. Para ello las familias del alumnado matriculado en estos niveles el pr\u00f3ximo curso podr\u00e1n descargar el &#8220;<em><strong>CHEQUE LIBRO<\/strong><\/em>&#8221; en el <em><strong>PUNTO DE RECOGIDA<\/strong> <\/em>de <em><strong>iPASEN<\/strong><\/em>, en la primera semana de septiembre.<\/span><\/p>\n<p><span style=\"color: #000000\">Los libros de 4\u00ba de ESO se recoger\u00e1n en el centro en un d\u00eda en concreto todav\u00eda por determinar (se enviar\u00e1 la informaci\u00f3n por iPasen).<\/span><\/p>\n<p><span style=\"color: #000000\">Para consultar los libros puede<\/span><a href=\"https:\/\/blogsaverroes.juntadeandalucia.es\/iesreyalabez\/libros-de-texto-22-23\/\"> pinchar aqu\u00ed<\/a>.<\/p>\n","protected":false},"excerpt":{"rendered":"<p>De cara al pr\u00f3ximo curso escolar 24-25 se va a proceder a la renovaci\u00f3n de los libros de 1\u00ba, 2\u00ba y 3\u00ba de ESO. Para ello las familias del alumnado matriculado en estos niveles el pr\u00f3ximo curso podr\u00e1n descargar el &#8220;CHEQUE LIBRO&#8221; en el PUNTO DE RECOGIDA de iPASEN, en la primera semana de septiembre. [&hellip;]<\/p>\n","protected":false},"author":7589,"featured_media":0,"comment_status":"closed","ping_status":"open","sticky":false,"template":"","format":"standard","meta":{"_et_pb_use_builder":"","_et_pb_old_content":"","_et_gb_content_width":"","ngg_post_thumbnail":0,"footnotes":""},"categories":[32,3],"tags":[],"aioseo_notices":[],"_links":{"self":[{"href":"https:\/\/blogsaverroes.juntadeandalucia.es\/iesreyalabez\/wp-json\/wp\/v2\/posts\/2479"}],"collection":[{"href":"https:\/\/blogsaverroes.juntadeandalucia.es\/iesreyalabez\/wp-json\/wp\/v2\/posts"}],"about":[{"href":"https:\/\/blogsaverroes.juntadeandalucia.es\/iesreyalabez\/wp-json\/wp\/v2\/types\/post"}],"author":[{"embeddable":true,"href":"https:\/\/blogsaverroes.juntadeandalucia.es\/iesreyalabez\/wp-json\/wp\/v2\/users\/7589"}],"replies":[{"embeddable":true,"href":"https:\/\/blogsaverroes.juntadeandalucia.es\/iesreyalabez\/wp-json\/wp\/v2\/comments?post=2479"}],"version-history":[{"count":2,"href":"https:\/\/blogsaverroes.juntadeandalucia.es\/iesreyalabez\/wp-json\/wp\/v2\/posts\/2479\/revisions"}],"predecessor-version":[{"id":2481,"href":"https:\/\/blogsaverroes.juntadeandalucia.es\/iesreyalabez\/wp-json\/wp\/v2\/posts\/2479\/revisions\/2481"}],"wp:attachment":[{"href":"https:\/\/blogsaverroes.juntadeandalucia.es\/iesreyalabez\/wp-json\/wp\/v2\/media?parent=2479"}],"wp:term":[{"taxonomy":"category","embeddable":true,"href":"https:\/\/blogsaverroes.juntadeandalucia.es\/iesreyalabez\/wp-json\/wp\/v2\/categories?post=2479"},{"taxonomy":"post_tag","embeddable":true,"href":"https:\/\/blogsaverroes.juntadeandalucia.es\/iesreyalabez\/wp-json\/wp\/v2\/tags?post=2479"}],"curies":[{"name":"wp","href":"https:\/\/api.w.org\/{rel}","templated":true}]}}