{"id":2534,"date":"2024-10-28T16:23:43","date_gmt":"2024-10-28T15:23:43","guid":{"rendered":"https:\/\/blogsaverroes.juntadeandalucia.es\/iesreyalabez\/?p=2534"},"modified":"2024-10-28T16:23:43","modified_gmt":"2024-10-28T15:23:43","slug":"participacion-en-juvealmeria-2024","status":"publish","type":"post","link":"https:\/\/blogsaverroes.juntadeandalucia.es\/iesreyalabez\/participacion-en-juvealmeria-2024\/","title":{"rendered":"PARTICIPACI\u00d3N EN JUVEALMER\u00cdA 2024"},"content":{"rendered":"<p><span style=\"color: #000000\">Los ciclos de FP del Rey Alabez han participado en la edici\u00f3n de Juvealmer\u00eda 2024 celebrada el viernes 25 de octubre en Campohermoso &#8211; N\u00edjar.&nbsp;<\/span><\/p>\n<p><img loading=\"lazy\" decoding=\"async\" class=\"alignnone  wp-image-2535\" src=\"https:\/\/blogsaverroes.juntadeandalucia.es\/iesreyalabez\/files\/2024\/10\/464478419_557228066796696_4153813038031993837_n.jpg\" alt=\"\" width=\"348\" height=\"390\"><img loading=\"lazy\" decoding=\"async\" class=\"alignnone  wp-image-2537\" src=\"https:\/\/blogsaverroes.juntadeandalucia.es\/iesreyalabez\/files\/2024\/10\/464623289_557227926796710_2211408265157962080_n.jpg\" alt=\"\" width=\"408\" height=\"388\"><\/p>\n","protected":false},"excerpt":{"rendered":"<p>Los ciclos de FP del Rey Alabez han participado en la edici\u00f3n de Juvealmer\u00eda 2024 celebrada el viernes 25 de octubre en Campohermoso &#8211; N\u00edjar.&nbsp;<\/p>\n","protected":false},"author":7589,"featured_media":0,"comment_status":"closed","ping_status":"open","sticky":false,"template":"","format":"standard","meta":{"_et_pb_use_builder":"","_et_pb_old_content":"","_et_gb_content_width":"","ngg_post_thumbnail":0,"footnotes":""},"categories":[32,11,3],"tags":[],"aioseo_notices":[],"_links":{"self":[{"href":"https:\/\/blogsaverroes.juntadeandalucia.es\/iesreyalabez\/wp-json\/wp\/v2\/posts\/2534"}],"collection":[{"href":"https:\/\/blogsaverroes.juntadeandalucia.es\/iesreyalabez\/wp-json\/wp\/v2\/posts"}],"about":[{"href":"https:\/\/blogsaverroes.juntadeandalucia.es\/iesreyalabez\/wp-json\/wp\/v2\/types\/post"}],"author":[{"embeddable":true,"href":"https:\/\/blogsaverroes.juntadeandalucia.es\/iesreyalabez\/wp-json\/wp\/v2\/users\/7589"}],"replies":[{"embeddable":true,"href":"https:\/\/blogsaverroes.juntadeandalucia.es\/iesreyalabez\/wp-json\/wp\/v2\/comments?post=2534"}],"version-history":[{"count":1,"href":"https:\/\/blogsaverroes.juntadeandalucia.es\/iesreyalabez\/wp-json\/wp\/v2\/posts\/2534\/revisions"}],"predecessor-version":[{"id":2538,"href":"https:\/\/blogsaverroes.juntadeandalucia.es\/iesreyalabez\/wp-json\/wp\/v2\/posts\/2534\/revisions\/2538"}],"wp:attachment":[{"href":"https:\/\/blogsaverroes.juntadeandalucia.es\/iesreyalabez\/wp-json\/wp\/v2\/media?parent=2534"}],"wp:term":[{"taxonomy":"category","embeddable":true,"href":"https:\/\/blogsaverroes.juntadeandalucia.es\/iesreyalabez\/wp-json\/wp\/v2\/categories?post=2534"},{"taxonomy":"post_tag","embeddable":true,"href":"https:\/\/blogsaverroes.juntadeandalucia.es\/iesreyalabez\/wp-json\/wp\/v2\/tags?post=2534"}],"curies":[{"name":"wp","href":"https:\/\/api.w.org\/{rel}","templated":true}]}}