{"id":336,"date":"2020-02-11T16:18:36","date_gmt":"2020-02-11T15:18:36","guid":{"rendered":"http:\/\/blogsaverroes.juntadeandalucia.es\/pre\/nuevoceipv2\/?p=336"},"modified":"2021-07-22T12:40:55","modified_gmt":"2021-07-22T11:40:55","slug":"admision_matricula_fp","status":"publish","type":"post","link":"https:\/\/blogsaverroes.juntadeandalucia.es\/iesreyalabez\/admision_matricula_fp\/","title":{"rendered":"Admisi\u00f3n y matr\u00edcula en CFGM Cocina y Gastronom\u00eda"},"content":{"rendered":"<table>\n<tbody>\n<tr>\n<td><strong>ALUMNADO NUEVO DE PRIMER CURSO:<\/strong><\/p>\n<ul>\n<li><strong>Del 15 al 30 de Junio<\/strong>: SOLICITUD DE PLAZA EN LA SECRETAR\u00cdA VIRTUAL&nbsp;<strong>(<a href=\"https:\/\/www.juntadeandalucia.es\/educacion\/secretariavirtual\/\">Pincha aqu\u00ed para ir a la Secretar\u00eda Virtual<\/a>)<\/strong><\/li>\n<li><strong><a href=\"https:\/\/www.juntadeandalucia.es\/educacion\/portals\/web\/formacion-profesional-andaluza\/escolarizacion\/oferta-completa\/grado-medio-superior\/teletramitacion\">\u00bfC\u00d3MO HACER LOS TR\u00c1MITES EN LA SECRETAR\u00cdA VIRTUAL?<\/a><\/strong><\/li>\n<\/ul>\n<p>Si no funciona el enlace anterior, copia y pega en el navegador: https:\/\/www.juntadeandalucia.es\/educacion\/portals\/web\/formacion-profesional-andaluza\/escolarizacion\/oferta-completa\/grado-medio-superior\/teletramitacion<\/p>\n<ul>\n<li><strong><a href=\"https:\/\/www.juntadeandalucia.es\/educacion\/portals\/web\/formacion-profesional-andaluza\/escolarizacion\/oferta-completa\/grado-medio-superior\/requisitos\">\u00bfQU\u00c9 NECESITAS PARA PODER ACCEDER A UNA PLAZA EN FP DE GRADO MEDIO?<\/a>&nbsp;<\/strong><\/li>\n<\/ul>\n<p>Si no funciona el enlace anterior, copia y pega en el navegador: https:\/\/www.juntadeandalucia.es\/educacion\/portals\/web\/formacion-profesional-andaluza\/escolarizacion\/oferta-completa\/grado-medio-superior\/requisitos<\/p>\n<p>Matriculaci\u00f3n:<\/p>\n<ul>\n<li><strong>Del 13 al 16 de Julio<\/strong>: Matriculaci\u00f3n o reserva de matr\u00edcula para las personas admitidas en la 1\u00aa Adjudicaci\u00f3n.<\/li>\n<li><strong>Del 21 al 26 de Julio:<\/strong>&nbsp;Matriculaci\u00f3n para las personas admitidas en la 2\u00aa Adjudicaci\u00f3n.<\/li>\n<\/ul>\n<p>Para conocer todo el proceso en detalle:&nbsp;<strong><a href=\"https:\/\/www.juntadeandalucia.es\/educacion\/portals\/web\/formacion-profesional-andaluza\/procedimientos\/detalle\/-\/contenidos\/detalle\/escolarizacion-de-ciclos-formativos-de-grado-medio-y-superior-en-oferta-completa-1s1z2ooedc0mt\">PINCHA AQU\u00cd<\/a>.<\/strong><\/p>\n<p>Si no funciona el anlace anterior, copia y pega en el navegador: https:\/\/www.juntadeandalucia.es\/educacion\/portals\/web\/formacion-profesional-andaluza\/procedimientos\/detalle\/-\/contenidos\/detalle\/escolarizacion-de-ciclos-formativos-de-grado-medio-y-superior-en-oferta-completa-1s1z2ooedc0mt<\/td>\n<\/tr>\n<tr class=\"alt\">\n<td><strong>RESTO DE ALUMNADO :<\/strong><\/p>\n<ul>\n<li><strong>Del 25 al 30 de Junio<\/strong>: MATRICULACI\u00d3N PRESENCIAL (secretar\u00eda del centro) DEL ALUMNADO REPETIDOR DE 1\u00ba Y DE LOS QUE PASAN DE 1\u00ba A 2\u00ba CURSO (PROMOCI\u00d3N).&nbsp;<\/li>\n<\/ul>\n<p><strong>Para conocer todo el proceso en detalle:&nbsp;<a href=\"https:\/\/www.juntadeandalucia.es\/educacion\/portals\/web\/formacion-profesional-andaluza\/procedimientos\/detalle\/-\/contenidos\/detalle\/escolarizacion-de-ciclos-formativos-de-grado-medio-y-superior-en-oferta-completa-1s1z2ooedc0mt\">PINCHA AQU\u00cd<\/a>.<\/strong><\/p>\n<p>Si no funciona el anlace anterior, copia y pega en el navegador: https:\/\/www.juntadeandalucia.es\/educacion\/portals\/web\/formacion-profesional-andaluza\/procedimientos\/detalle\/-\/contenidos\/detalle\/escolarizacion-de-ciclos-formativos-de-grado-medio-y-superior-en-oferta-completa-1s1z2ooedc0mt<\/td>\n<\/tr>\n<\/tbody>\n<\/table>\n<p>En caso de duda ponte en contacto con el centro de Lunes a Viernes de 9:30 a 13:30.<\/p>\n<p>V\u00eddeo sobre las modalidades de FP:<\/p>\n<p><iframe loading=\"lazy\" src=\"\/\/www.youtube.com\/embed\/JTm-T0u-WWQ\" width=\"560\" height=\"315\" frameborder=\"0\"><\/iframe><\/p>\n","protected":false},"excerpt":{"rendered":"<p>ALUMNADO NUEVO DE PRIMER CURSO: Del 15 al 30 de Junio: SOLICITUD DE PLAZA EN LA SECRETAR\u00cdA VIRTUAL&nbsp;(Pincha aqu\u00ed para ir a la Secretar\u00eda Virtual) \u00bfC\u00d3MO HACER LOS TR\u00c1MITES EN LA SECRETAR\u00cdA VIRTUAL? Si no funciona el enlace anterior, copia y pega en el navegador: https:\/\/www.juntadeandalucia.es\/educacion\/portals\/web\/formacion-profesional-andaluza\/escolarizacion\/oferta-completa\/grado-medio-superior\/teletramitacion \u00bfQU\u00c9 NECESITAS PARA PODER ACCEDER A UNA PLAZA EN [&hellip;]<\/p>\n","protected":false},"author":13258,"featured_media":1122,"comment_status":"closed","ping_status":"open","sticky":false,"template":"","format":"standard","meta":{"_et_pb_use_builder":"","_et_pb_old_content":"","_et_gb_content_width":"","ngg_post_thumbnail":0,"footnotes":""},"categories":[9,11,3,4],"tags":[],"aioseo_notices":[],"_links":{"self":[{"href":"https:\/\/blogsaverroes.juntadeandalucia.es\/iesreyalabez\/wp-json\/wp\/v2\/posts\/336"}],"collection":[{"href":"https:\/\/blogsaverroes.juntadeandalucia.es\/iesreyalabez\/wp-json\/wp\/v2\/posts"}],"about":[{"href":"https:\/\/blogsaverroes.juntadeandalucia.es\/iesreyalabez\/wp-json\/wp\/v2\/types\/post"}],"author":[{"embeddable":true,"href":"https:\/\/blogsaverroes.juntadeandalucia.es\/iesreyalabez\/wp-json\/wp\/v2\/users\/13258"}],"replies":[{"embeddable":true,"href":"https:\/\/blogsaverroes.juntadeandalucia.es\/iesreyalabez\/wp-json\/wp\/v2\/comments?post=336"}],"version-history":[{"count":3,"href":"https:\/\/blogsaverroes.juntadeandalucia.es\/iesreyalabez\/wp-json\/wp\/v2\/posts\/336\/revisions"}],"predecessor-version":[{"id":1123,"href":"https:\/\/blogsaverroes.juntadeandalucia.es\/iesreyalabez\/wp-json\/wp\/v2\/posts\/336\/revisions\/1123"}],"wp:featuredmedia":[{"embeddable":true,"href":"https:\/\/blogsaverroes.juntadeandalucia.es\/iesreyalabez\/wp-json\/wp\/v2\/media\/1122"}],"wp:attachment":[{"href":"https:\/\/blogsaverroes.juntadeandalucia.es\/iesreyalabez\/wp-json\/wp\/v2\/media?parent=336"}],"wp:term":[{"taxonomy":"category","embeddable":true,"href":"https:\/\/blogsaverroes.juntadeandalucia.es\/iesreyalabez\/wp-json\/wp\/v2\/categories?post=336"},{"taxonomy":"post_tag","embeddable":true,"href":"https:\/\/blogsaverroes.juntadeandalucia.es\/iesreyalabez\/wp-json\/wp\/v2\/tags?post=336"}],"curies":[{"name":"wp","href":"https:\/\/api.w.org\/{rel}","templated":true}]}}