{"id":2496,"date":"2016-04-13T11:02:29","date_gmt":"2016-04-13T11:02:29","guid":{"rendered":"http:\/\/blogsaverroes.juntadeandalucia.es\/iesriberadelfardes\/?p=2496"},"modified":"2016-04-13T13:47:35","modified_gmt":"2016-04-13T13:47:35","slug":"documentos-utiles-del-plc","status":"publish","type":"post","link":"https:\/\/blogsaverroes.juntadeandalucia.es\/iesriberadelfardes\/2016\/04\/13\/documentos-utiles-del-plc\/","title":{"rendered":"Documentos \u00fatiles del PLC"},"content":{"rendered":"<p><a href=\"http:\/\/blogsaverroes.juntadeandalucia.es\/iesriberadelfardes\/files\/2016\/04\/faltas.jpe\"><img decoding=\"async\" class=\" size-full wp-image-2500 alignleft\" src=\"http:\/\/blogsaverroes.juntadeandalucia.es\/iesriberadelfardes\/files\/2016\/04\/faltas.jpe\" alt=\"faltas\" width=\"240\" height=\"149\" \/><\/a>Adjuntamos tres documentos interesantes elaborados dentro de nuestro Proyecto Ling\u00fc\u00edstico de Centro. El primero son los criterios ortogr\u00e1ficos comunes que se siguen desde los distintos departamentos de nuestro centro; el siguiente, unos criterios tambi\u00e9n consensuados por los profesores de todas las materias para que el alumnado de nuestro centro presente los trabajos, y finalmente, una plantilla que se puede emplear para escribir sobre un folio en blanco.<\/p>\n<p><a href=\"http:\/\/blogsaverroes.juntadeandalucia.es\/iesriberadelfardes\/files\/2016\/04\/ALUMNOS-Criterios-ortogr\u00e1ficos-comunes.docx\">ALUMNOS &#8211; Criterios ortogr\u00e1ficos comunes<\/a><\/p>\n<p><a href=\"http:\/\/blogsaverroes.juntadeandalucia.es\/iesriberadelfardes\/files\/2016\/04\/ALUMNOS-Criterios-presentaci\u00f3n-de-escritos.docx\">ALUMNOS &#8211; Criterios presentaci\u00f3n de escritos<\/a><\/p>\n<p><a href=\"http:\/\/blogsaverroes.juntadeandalucia.es\/iesriberadelfardes\/files\/2016\/04\/ALUMNOS-Plantilla-para-escribir-folio-en-blanco.doc\">ALUMNOS &#8211; Plantilla para escribir folio en blanco<\/a><\/p>\n","protected":false},"excerpt":{"rendered":"<p>Adjuntamos tres documentos interesantes elaborados dentro de nuestro Proyecto Ling\u00fc\u00edstico de Centro. El primero son los criterios ortogr\u00e1ficos comunes que se siguen desde los distintos departamentos de nuestro centro; el siguiente, unos criterios tambi\u00e9n consensuados por los profesores de todas las materias para que el alumnado de nuestro centro presente los trabajos, y finalmente, una &hellip; <\/p>\n<p><a class=\"more-link btn\" href=\"https:\/\/blogsaverroes.juntadeandalucia.es\/iesriberadelfardes\/2016\/04\/13\/documentos-utiles-del-plc\/\">Seguir leyendo<\/a><\/p>\n","protected":false},"author":3251,"featured_media":2509,"comment_status":"open","ping_status":"open","sticky":false,"template":"","format":"standard","meta":{"ngg_post_thumbnail":0,"footnotes":""},"categories":[7227,307390],"tags":[],"aioseo_notices":[],"_links":{"self":[{"href":"https:\/\/blogsaverroes.juntadeandalucia.es\/iesriberadelfardes\/wp-json\/wp\/v2\/posts\/2496"}],"collection":[{"href":"https:\/\/blogsaverroes.juntadeandalucia.es\/iesriberadelfardes\/wp-json\/wp\/v2\/posts"}],"about":[{"href":"https:\/\/blogsaverroes.juntadeandalucia.es\/iesriberadelfardes\/wp-json\/wp\/v2\/types\/post"}],"author":[{"embeddable":true,"href":"https:\/\/blogsaverroes.juntadeandalucia.es\/iesriberadelfardes\/wp-json\/wp\/v2\/users\/3251"}],"replies":[{"embeddable":true,"href":"https:\/\/blogsaverroes.juntadeandalucia.es\/iesriberadelfardes\/wp-json\/wp\/v2\/comments?post=2496"}],"version-history":[{"count":1,"href":"https:\/\/blogsaverroes.juntadeandalucia.es\/iesriberadelfardes\/wp-json\/wp\/v2\/posts\/2496\/revisions"}],"predecessor-version":[{"id":2501,"href":"https:\/\/blogsaverroes.juntadeandalucia.es\/iesriberadelfardes\/wp-json\/wp\/v2\/posts\/2496\/revisions\/2501"}],"wp:featuredmedia":[{"embeddable":true,"href":"https:\/\/blogsaverroes.juntadeandalucia.es\/iesriberadelfardes\/wp-json\/wp\/v2\/media\/2509"}],"wp:attachment":[{"href":"https:\/\/blogsaverroes.juntadeandalucia.es\/iesriberadelfardes\/wp-json\/wp\/v2\/media?parent=2496"}],"wp:term":[{"taxonomy":"category","embeddable":true,"href":"https:\/\/blogsaverroes.juntadeandalucia.es\/iesriberadelfardes\/wp-json\/wp\/v2\/categories?post=2496"},{"taxonomy":"post_tag","embeddable":true,"href":"https:\/\/blogsaverroes.juntadeandalucia.es\/iesriberadelfardes\/wp-json\/wp\/v2\/tags?post=2496"}],"curies":[{"name":"wp","href":"https:\/\/api.w.org\/{rel}","templated":true}]}}