{"id":2726,"date":"2017-01-18T12:36:02","date_gmt":"2017-01-18T12:36:02","guid":{"rendered":"http:\/\/blogsaverroes.juntadeandalucia.es\/iesriberadelfardes\/?p=2726"},"modified":"2020-11-16T13:11:01","modified_gmt":"2020-11-16T13:11:01","slug":"programacion-didactica-frances-20162017","status":"publish","type":"post","link":"https:\/\/blogsaverroes.juntadeandalucia.es\/iesriberadelfardes\/2017\/01\/18\/programacion-didactica-frances-20162017\/","title":{"rendered":"Programaci\u00f3n Did\u00e1ctica Franc\u00e9s 20\/21"},"content":{"rendered":"<p>Programaci\u00f3n did\u00e1ctica del Departamento de Franc\u00e9s.<\/p>\n<p><a href=\"https:\/\/blogsaverroes.juntadeandalucia.es\/iesriberadelfardes\/files\/2017\/01\/franc\u00e9s-20-2.pdf\">Programaci\u00f3n de Franc\u00e9s 20-2<\/a><\/p>\n","protected":false},"excerpt":{"rendered":"<p>Programaci\u00f3n did\u00e1ctica del Departamento de Franc\u00e9s. Programaci\u00f3n de Franc\u00e9s 20-2<\/p>\n","protected":false},"author":3251,"featured_media":0,"comment_status":"open","ping_status":"open","sticky":false,"template":"","format":"standard","meta":{"ngg_post_thumbnail":0,"footnotes":""},"categories":[429],"tags":[],"aioseo_notices":[],"_links":{"self":[{"href":"https:\/\/blogsaverroes.juntadeandalucia.es\/iesriberadelfardes\/wp-json\/wp\/v2\/posts\/2726"}],"collection":[{"href":"https:\/\/blogsaverroes.juntadeandalucia.es\/iesriberadelfardes\/wp-json\/wp\/v2\/posts"}],"about":[{"href":"https:\/\/blogsaverroes.juntadeandalucia.es\/iesriberadelfardes\/wp-json\/wp\/v2\/types\/post"}],"author":[{"embeddable":true,"href":"https:\/\/blogsaverroes.juntadeandalucia.es\/iesriberadelfardes\/wp-json\/wp\/v2\/users\/3251"}],"replies":[{"embeddable":true,"href":"https:\/\/blogsaverroes.juntadeandalucia.es\/iesriberadelfardes\/wp-json\/wp\/v2\/comments?post=2726"}],"version-history":[{"count":3,"href":"https:\/\/blogsaverroes.juntadeandalucia.es\/iesriberadelfardes\/wp-json\/wp\/v2\/posts\/2726\/revisions"}],"predecessor-version":[{"id":2916,"href":"https:\/\/blogsaverroes.juntadeandalucia.es\/iesriberadelfardes\/wp-json\/wp\/v2\/posts\/2726\/revisions\/2916"}],"wp:attachment":[{"href":"https:\/\/blogsaverroes.juntadeandalucia.es\/iesriberadelfardes\/wp-json\/wp\/v2\/media?parent=2726"}],"wp:term":[{"taxonomy":"category","embeddable":true,"href":"https:\/\/blogsaverroes.juntadeandalucia.es\/iesriberadelfardes\/wp-json\/wp\/v2\/categories?post=2726"},{"taxonomy":"post_tag","embeddable":true,"href":"https:\/\/blogsaverroes.juntadeandalucia.es\/iesriberadelfardes\/wp-json\/wp\/v2\/tags?post=2726"}],"curies":[{"name":"wp","href":"https:\/\/api.w.org\/{rel}","templated":true}]}}