{"id":3037,"date":"2020-11-23T19:06:25","date_gmt":"2020-11-23T19:06:25","guid":{"rendered":"http:\/\/blogsaverroes.juntadeandalucia.es\/iesriberadelfardes\/?p=3037"},"modified":"2020-11-23T19:06:25","modified_gmt":"2020-11-23T19:06:25","slug":"comecocos-partes-de-un-monasterio-medieval","status":"publish","type":"post","link":"https:\/\/blogsaverroes.juntadeandalucia.es\/iesriberadelfardes\/2020\/11\/23\/comecocos-partes-de-un-monasterio-medieval\/","title":{"rendered":"COMECOCOS PARTES DE UN MONASTERIO MEDIEVAL"},"content":{"rendered":"<p>En la actividad se han trabajado las distintas destrezas para aprender ingl\u00e9s (reading, writing, listening and speaking). El alumnado ha dise\u00f1ado un original comecocos para diferenciar las partes de un monasterio medieval. Tras leer un texto en ingl\u00e9s, se ha extra\u00eddo el vocabulario b\u00e1sico de este edificio del rom\u00e1nico. El vocabulario y la informaci\u00f3n escrito en 8 n\u00fameros que corresponden a: churh, cloister, chapter house, infirmary, inn, dormitories, library and refectory; ha servido para practicar m\u00e1s tarde el listening y speaking con las preguntas y respuestas del alumno al poner en pr\u00e1ctica el juego:<\/p>\n<p>Where are you?<\/p>\n<p>Say a number from 1 to 5&#8230;<\/p>\n<p>Choose a number&#8230;<\/p>\n<p>You are in&#8230;<\/p>\n<p>Todo ello bajo la supervisi\u00f3n de nuestra Lectora, \u00c1ngela Isabel Pe\u00f1a Rodr\u00edguez, que por segundo a\u00f1o consecutivo repite en nuestro centro, y se hace muy pronto con la atenci\u00f3n del alumnado que desea participar en todas estas actividades coordinadas con el profesor titular de la materia, Daniel Garrido Cuerva.<\/p>\n<p><a href=\"https:\/\/blogsaverroes.juntadeandalucia.es\/iesriberadelfardes\/files\/2020\/11\/20201119_192145.jpg\"><img fetchpriority=\"high\" decoding=\"async\" class=\"alignnone size-medium wp-image-3031\" src=\"https:\/\/blogsaverroes.juntadeandalucia.es\/iesriberadelfardes\/files\/2020\/11\/20201119_192145-300x300.jpg\" alt=\"\" width=\"300\" height=\"300\" srcset=\"https:\/\/blogsaverroes.juntadeandalucia.es\/iesriberadelfardes\/files\/2020\/11\/20201119_192145-300x300.jpg 300w, https:\/\/blogsaverroes.juntadeandalucia.es\/iesriberadelfardes\/files\/2020\/11\/20201119_192145-1024x1024.jpg 1024w, https:\/\/blogsaverroes.juntadeandalucia.es\/iesriberadelfardes\/files\/2020\/11\/20201119_192145-150x150.jpg 150w, https:\/\/blogsaverroes.juntadeandalucia.es\/iesriberadelfardes\/files\/2020\/11\/20201119_192145-768x768.jpg 768w, https:\/\/blogsaverroes.juntadeandalucia.es\/iesriberadelfardes\/files\/2020\/11\/20201119_192145-100x100.jpg 100w, https:\/\/blogsaverroes.juntadeandalucia.es\/iesriberadelfardes\/files\/2020\/11\/20201119_192145-1536x1536.jpg 1536w, https:\/\/blogsaverroes.juntadeandalucia.es\/iesriberadelfardes\/files\/2020\/11\/20201119_192145-24x24.jpg 24w, https:\/\/blogsaverroes.juntadeandalucia.es\/iesriberadelfardes\/files\/2020\/11\/20201119_192145-36x36.jpg 36w, https:\/\/blogsaverroes.juntadeandalucia.es\/iesriberadelfardes\/files\/2020\/11\/20201119_192145-48x48.jpg 48w, https:\/\/blogsaverroes.juntadeandalucia.es\/iesriberadelfardes\/files\/2020\/11\/20201119_192145-50x50.jpg 50w, https:\/\/blogsaverroes.juntadeandalucia.es\/iesriberadelfardes\/files\/2020\/11\/20201119_192145.jpg 1544w\" sizes=\"(max-width: 300px) 100vw, 300px\" \/><\/a><a href=\"https:\/\/blogsaverroes.juntadeandalucia.es\/iesriberadelfardes\/files\/2020\/11\/20201117_171051-scaled.jpg\"><img decoding=\"async\" class=\"alignnone size-medium wp-image-3030\" src=\"https:\/\/blogsaverroes.juntadeandalucia.es\/iesriberadelfardes\/files\/2020\/11\/20201117_171051-217x300.jpg\" alt=\"\" width=\"217\" height=\"300\" srcset=\"https:\/\/blogsaverroes.juntadeandalucia.es\/iesriberadelfardes\/files\/2020\/11\/20201117_171051-217x300.jpg 217w, https:\/\/blogsaverroes.juntadeandalucia.es\/iesriberadelfardes\/files\/2020\/11\/20201117_171051-741x1024.jpg 741w, https:\/\/blogsaverroes.juntadeandalucia.es\/iesriberadelfardes\/files\/2020\/11\/20201117_171051-768x1061.jpg 768w, https:\/\/blogsaverroes.juntadeandalucia.es\/iesriberadelfardes\/files\/2020\/11\/20201117_171051-1112x1536.jpg 1112w, https:\/\/blogsaverroes.juntadeandalucia.es\/iesriberadelfardes\/files\/2020\/11\/20201117_171051-1483x2048.jpg 1483w, https:\/\/blogsaverroes.juntadeandalucia.es\/iesriberadelfardes\/files\/2020\/11\/20201117_171051-17x24.jpg 17w, https:\/\/blogsaverroes.juntadeandalucia.es\/iesriberadelfardes\/files\/2020\/11\/20201117_171051-26x36.jpg 26w, https:\/\/blogsaverroes.juntadeandalucia.es\/iesriberadelfardes\/files\/2020\/11\/20201117_171051-35x48.jpg 35w, https:\/\/blogsaverroes.juntadeandalucia.es\/iesriberadelfardes\/files\/2020\/11\/20201117_171051-scaled.jpg 1159w\" sizes=\"(max-width: 217px) 100vw, 217px\" \/><\/a><a href=\"https:\/\/blogsaverroes.juntadeandalucia.es\/iesriberadelfardes\/files\/2020\/11\/20201117_170948.jpg\"><img decoding=\"async\" class=\"alignnone size-medium wp-image-3029\" src=\"https:\/\/blogsaverroes.juntadeandalucia.es\/iesriberadelfardes\/files\/2020\/11\/20201117_170948-271x300.jpg\" alt=\"\" width=\"271\" height=\"300\" srcset=\"https:\/\/blogsaverroes.juntadeandalucia.es\/iesriberadelfardes\/files\/2020\/11\/20201117_170948-271x300.jpg 271w, https:\/\/blogsaverroes.juntadeandalucia.es\/iesriberadelfardes\/files\/2020\/11\/20201117_170948-924x1024.jpg 924w, https:\/\/blogsaverroes.juntadeandalucia.es\/iesriberadelfardes\/files\/2020\/11\/20201117_170948-768x851.jpg 768w, https:\/\/blogsaverroes.juntadeandalucia.es\/iesriberadelfardes\/files\/2020\/11\/20201117_170948-1387x1536.jpg 1387w, https:\/\/blogsaverroes.juntadeandalucia.es\/iesriberadelfardes\/files\/2020\/11\/20201117_170948-1849x2048.jpg 1849w, https:\/\/blogsaverroes.juntadeandalucia.es\/iesriberadelfardes\/files\/2020\/11\/20201117_170948-22x24.jpg 22w, https:\/\/blogsaverroes.juntadeandalucia.es\/iesriberadelfardes\/files\/2020\/11\/20201117_170948-32x36.jpg 32w, https:\/\/blogsaverroes.juntadeandalucia.es\/iesriberadelfardes\/files\/2020\/11\/20201117_170948-43x48.jpg 43w, https:\/\/blogsaverroes.juntadeandalucia.es\/iesriberadelfardes\/files\/2020\/11\/20201117_170948.jpg 1444w\" sizes=\"(max-width: 271px) 100vw, 271px\" \/><\/a><\/p>\n","protected":false},"excerpt":{"rendered":"<p>En la actividad se han trabajado las distintas destrezas para aprender ingl\u00e9s (reading, writing, listening and speaking). El alumnado ha dise\u00f1ado un original comecocos para diferenciar las partes de un monasterio medieval. Tras leer un texto en ingl\u00e9s, se ha extra\u00eddo el vocabulario b\u00e1sico de este edificio del rom\u00e1nico. El vocabulario y la informaci\u00f3n escrito &hellip; <\/p>\n<p><a class=\"more-link btn\" href=\"https:\/\/blogsaverroes.juntadeandalucia.es\/iesriberadelfardes\/2020\/11\/23\/comecocos-partes-de-un-monasterio-medieval\/\">Seguir leyendo<\/a><\/p>\n","protected":false},"author":11467,"featured_media":0,"comment_status":"open","ping_status":"open","sticky":false,"template":"","format":"standard","meta":{"ngg_post_thumbnail":0,"footnotes":""},"categories":[10477],"tags":[],"aioseo_notices":[],"_links":{"self":[{"href":"https:\/\/blogsaverroes.juntadeandalucia.es\/iesriberadelfardes\/wp-json\/wp\/v2\/posts\/3037"}],"collection":[{"href":"https:\/\/blogsaverroes.juntadeandalucia.es\/iesriberadelfardes\/wp-json\/wp\/v2\/posts"}],"about":[{"href":"https:\/\/blogsaverroes.juntadeandalucia.es\/iesriberadelfardes\/wp-json\/wp\/v2\/types\/post"}],"author":[{"embeddable":true,"href":"https:\/\/blogsaverroes.juntadeandalucia.es\/iesriberadelfardes\/wp-json\/wp\/v2\/users\/11467"}],"replies":[{"embeddable":true,"href":"https:\/\/blogsaverroes.juntadeandalucia.es\/iesriberadelfardes\/wp-json\/wp\/v2\/comments?post=3037"}],"version-history":[{"count":1,"href":"https:\/\/blogsaverroes.juntadeandalucia.es\/iesriberadelfardes\/wp-json\/wp\/v2\/posts\/3037\/revisions"}],"predecessor-version":[{"id":3040,"href":"https:\/\/blogsaverroes.juntadeandalucia.es\/iesriberadelfardes\/wp-json\/wp\/v2\/posts\/3037\/revisions\/3040"}],"wp:attachment":[{"href":"https:\/\/blogsaverroes.juntadeandalucia.es\/iesriberadelfardes\/wp-json\/wp\/v2\/media?parent=3037"}],"wp:term":[{"taxonomy":"category","embeddable":true,"href":"https:\/\/blogsaverroes.juntadeandalucia.es\/iesriberadelfardes\/wp-json\/wp\/v2\/categories?post=3037"},{"taxonomy":"post_tag","embeddable":true,"href":"https:\/\/blogsaverroes.juntadeandalucia.es\/iesriberadelfardes\/wp-json\/wp\/v2\/tags?post=3037"}],"curies":[{"name":"wp","href":"https:\/\/api.w.org\/{rel}","templated":true}]}}