{"id":3481,"date":"2020-12-21T12:38:14","date_gmt":"2020-12-21T12:38:14","guid":{"rendered":"http:\/\/blogsaverroes.juntadeandalucia.es\/iesriberadelfardes\/?p=3481"},"modified":"2020-12-21T12:38:14","modified_gmt":"2020-12-21T12:38:14","slug":"concurso-de-tarjetas-navidenas-2","status":"publish","type":"post","link":"https:\/\/blogsaverroes.juntadeandalucia.es\/iesriberadelfardes\/2020\/12\/21\/concurso-de-tarjetas-navidenas-2\/","title":{"rendered":"CONCURSO DE TARJETAS NAVIDE\u00d1AS"},"content":{"rendered":"<p><a href=\"https:\/\/drive.google.com\/file\/d\/1vjcRqij371cnQF1BVPY8_77ZDPIHo4jH\/view?usp=sharing\">El viernes 18 de diciembre hicimos entrega de premios (vale-regalo por un libro en ingl\u00e9s, franc\u00e9s y castellano) a nuestros ganadores. La decisi\u00f3n fue bastante dif\u00edcil ya que todas o casi todas las tarjetas navide\u00f1as estaban bien dise\u00f1adas, ten\u00edan un magn\u00edfico contenido, muchas de ellas conten\u00edan un poema o un haiku, como les hab\u00edamos indicado en las instrucciones para realizarlas, etc&#8230; Pero no pod\u00edamos elegirlas todas&#8230;<\/a><a href=\"https:\/\/drive.google.com\/file\/d\/1vjcRqij371cnQF1BVPY8_77ZDPIHo4jH\/view?usp=sharing\"><img fetchpriority=\"high\" decoding=\"async\" class=\"size-medium wp-image-3431 aligncenter\" src=\"https:\/\/blogsaverroes.juntadeandalucia.es\/iesriberadelfardes\/files\/2020\/12\/IMG-7954-3-300x225.jpg\" alt=\"\" width=\"300\" height=\"225\" srcset=\"https:\/\/blogsaverroes.juntadeandalucia.es\/iesriberadelfardes\/files\/2020\/12\/IMG-7954-3-300x225.jpg 300w, https:\/\/blogsaverroes.juntadeandalucia.es\/iesriberadelfardes\/files\/2020\/12\/IMG-7954-3-1024x768.jpg 1024w, https:\/\/blogsaverroes.juntadeandalucia.es\/iesriberadelfardes\/files\/2020\/12\/IMG-7954-3-768x576.jpg 768w, https:\/\/blogsaverroes.juntadeandalucia.es\/iesriberadelfardes\/files\/2020\/12\/IMG-7954-3-1536x1152.jpg 1536w, https:\/\/blogsaverroes.juntadeandalucia.es\/iesriberadelfardes\/files\/2020\/12\/IMG-7954-3-2048x1536.jpg 2048w, https:\/\/blogsaverroes.juntadeandalucia.es\/iesriberadelfardes\/files\/2020\/12\/IMG-7954-3-700x525.jpg 700w, https:\/\/blogsaverroes.juntadeandalucia.es\/iesriberadelfardes\/files\/2020\/12\/IMG-7954-3-24x18.jpg 24w, https:\/\/blogsaverroes.juntadeandalucia.es\/iesriberadelfardes\/files\/2020\/12\/IMG-7954-3-36x27.jpg 36w, https:\/\/blogsaverroes.juntadeandalucia.es\/iesriberadelfardes\/files\/2020\/12\/IMG-7954-3-48x36.jpg 48w, https:\/\/blogsaverroes.juntadeandalucia.es\/iesriberadelfardes\/files\/2020\/12\/IMG-7954-3-scaled.jpg 1600w\" sizes=\"(max-width: 300px) 100vw, 300px\" \/><\/a><a href=\"https:\/\/drive.google.com\/file\/d\/1vjcRqij371cnQF1BVPY8_77ZDPIHo4jH\/view?usp=sharing\"><img decoding=\"async\" class=\"size-medium wp-image-3430 aligncenter\" src=\"https:\/\/blogsaverroes.juntadeandalucia.es\/iesriberadelfardes\/files\/2020\/12\/IMG-7951-225x300.jpg\" alt=\"\" width=\"225\" height=\"300\" srcset=\"https:\/\/blogsaverroes.juntadeandalucia.es\/iesriberadelfardes\/files\/2020\/12\/IMG-7951-225x300.jpg 225w, https:\/\/blogsaverroes.juntadeandalucia.es\/iesriberadelfardes\/files\/2020\/12\/IMG-7951-768x1024.jpg 768w, https:\/\/blogsaverroes.juntadeandalucia.es\/iesriberadelfardes\/files\/2020\/12\/IMG-7951-1152x1536.jpg 1152w, https:\/\/blogsaverroes.juntadeandalucia.es\/iesriberadelfardes\/files\/2020\/12\/IMG-7951-1536x2048.jpg 1536w, https:\/\/blogsaverroes.juntadeandalucia.es\/iesriberadelfardes\/files\/2020\/12\/IMG-7951-700x933.jpg 700w, https:\/\/blogsaverroes.juntadeandalucia.es\/iesriberadelfardes\/files\/2020\/12\/IMG-7951-18x24.jpg 18w, https:\/\/blogsaverroes.juntadeandalucia.es\/iesriberadelfardes\/files\/2020\/12\/IMG-7951-27x36.jpg 27w, https:\/\/blogsaverroes.juntadeandalucia.es\/iesriberadelfardes\/files\/2020\/12\/IMG-7951-36x48.jpg 36w, https:\/\/blogsaverroes.juntadeandalucia.es\/iesriberadelfardes\/files\/2020\/12\/IMG-7951-scaled.jpg 1200w\" sizes=\"(max-width: 225px) 100vw, 225px\" \/><\/a><a href=\"https:\/\/drive.google.com\/file\/d\/1vjcRqij371cnQF1BVPY8_77ZDPIHo4jH\/view?usp=sharing\"><img decoding=\"async\" class=\"size-medium wp-image-3423 aligncenter\" src=\"https:\/\/blogsaverroes.juntadeandalucia.es\/iesriberadelfardes\/files\/2020\/12\/IMG_7931-300x225.jpg\" alt=\"\" width=\"300\" height=\"225\" srcset=\"https:\/\/blogsaverroes.juntadeandalucia.es\/iesriberadelfardes\/files\/2020\/12\/IMG_7931-300x225.jpg 300w, https:\/\/blogsaverroes.juntadeandalucia.es\/iesriberadelfardes\/files\/2020\/12\/IMG_7931-1024x768.jpg 1024w, https:\/\/blogsaverroes.juntadeandalucia.es\/iesriberadelfardes\/files\/2020\/12\/IMG_7931-768x576.jpg 768w, https:\/\/blogsaverroes.juntadeandalucia.es\/iesriberadelfardes\/files\/2020\/12\/IMG_7931-1536x1152.jpg 1536w, https:\/\/blogsaverroes.juntadeandalucia.es\/iesriberadelfardes\/files\/2020\/12\/IMG_7931-2048x1536.jpg 2048w, https:\/\/blogsaverroes.juntadeandalucia.es\/iesriberadelfardes\/files\/2020\/12\/IMG_7931-700x525.jpg 700w, https:\/\/blogsaverroes.juntadeandalucia.es\/iesriberadelfardes\/files\/2020\/12\/IMG_7931-24x18.jpg 24w, https:\/\/blogsaverroes.juntadeandalucia.es\/iesriberadelfardes\/files\/2020\/12\/IMG_7931-36x27.jpg 36w, https:\/\/blogsaverroes.juntadeandalucia.es\/iesriberadelfardes\/files\/2020\/12\/IMG_7931-48x36.jpg 48w, https:\/\/blogsaverroes.juntadeandalucia.es\/iesriberadelfardes\/files\/2020\/12\/IMG_7931-scaled.jpg 1600w\" sizes=\"(max-width: 300px) 100vw, 300px\" \/><\/a><\/p>\n","protected":false},"excerpt":{"rendered":"<p>El viernes 18 de diciembre hicimos entrega de premios (vale-regalo por un libro en ingl\u00e9s, franc\u00e9s y castellano) a nuestros ganadores. La decisi\u00f3n fue bastante dif\u00edcil ya que todas o casi todas las tarjetas navide\u00f1as estaban bien dise\u00f1adas, ten\u00edan un magn\u00edfico contenido, muchas de ellas conten\u00edan un poema o un haiku, como les hab\u00edamos indicado &hellip; <\/p>\n<p><a class=\"more-link btn\" href=\"https:\/\/blogsaverroes.juntadeandalucia.es\/iesriberadelfardes\/2020\/12\/21\/concurso-de-tarjetas-navidenas-2\/\">Seguir leyendo<\/a><\/p>\n","protected":false},"author":11254,"featured_media":3423,"comment_status":"open","ping_status":"open","sticky":false,"template":"","format":"standard","meta":{"ngg_post_thumbnail":0,"footnotes":""},"categories":[213,7227,429,170,18227],"tags":[],"aioseo_notices":[],"_links":{"self":[{"href":"https:\/\/blogsaverroes.juntadeandalucia.es\/iesriberadelfardes\/wp-json\/wp\/v2\/posts\/3481"}],"collection":[{"href":"https:\/\/blogsaverroes.juntadeandalucia.es\/iesriberadelfardes\/wp-json\/wp\/v2\/posts"}],"about":[{"href":"https:\/\/blogsaverroes.juntadeandalucia.es\/iesriberadelfardes\/wp-json\/wp\/v2\/types\/post"}],"author":[{"embeddable":true,"href":"https:\/\/blogsaverroes.juntadeandalucia.es\/iesriberadelfardes\/wp-json\/wp\/v2\/users\/11254"}],"replies":[{"embeddable":true,"href":"https:\/\/blogsaverroes.juntadeandalucia.es\/iesriberadelfardes\/wp-json\/wp\/v2\/comments?post=3481"}],"version-history":[{"count":1,"href":"https:\/\/blogsaverroes.juntadeandalucia.es\/iesriberadelfardes\/wp-json\/wp\/v2\/posts\/3481\/revisions"}],"predecessor-version":[{"id":3484,"href":"https:\/\/blogsaverroes.juntadeandalucia.es\/iesriberadelfardes\/wp-json\/wp\/v2\/posts\/3481\/revisions\/3484"}],"wp:featuredmedia":[{"embeddable":true,"href":"https:\/\/blogsaverroes.juntadeandalucia.es\/iesriberadelfardes\/wp-json\/wp\/v2\/media\/3423"}],"wp:attachment":[{"href":"https:\/\/blogsaverroes.juntadeandalucia.es\/iesriberadelfardes\/wp-json\/wp\/v2\/media?parent=3481"}],"wp:term":[{"taxonomy":"category","embeddable":true,"href":"https:\/\/blogsaverroes.juntadeandalucia.es\/iesriberadelfardes\/wp-json\/wp\/v2\/categories?post=3481"},{"taxonomy":"post_tag","embeddable":true,"href":"https:\/\/blogsaverroes.juntadeandalucia.es\/iesriberadelfardes\/wp-json\/wp\/v2\/tags?post=3481"}],"curies":[{"name":"wp","href":"https:\/\/api.w.org\/{rel}","templated":true}]}}