{"id":3557,"date":"2020-12-21T18:10:42","date_gmt":"2020-12-21T18:10:42","guid":{"rendered":"http:\/\/blogsaverroes.juntadeandalucia.es\/iesriberadelfardes\/?p=3557"},"modified":"2021-05-27T14:58:28","modified_gmt":"2021-05-27T14:58:28","slug":"felicitacion-navidad-jingle-bells","status":"publish","type":"post","link":"https:\/\/blogsaverroes.juntadeandalucia.es\/iesriberadelfardes\/2020\/12\/21\/felicitacion-navidad-jingle-bells\/","title":{"rendered":"FELICITACI\u00d3N NAVIDAD &#8211; JINGLE BELLS"},"content":{"rendered":"<p>Nuestro alumnado de 1\u00ba y 2\u00ba ESO nos desea una Feliz Navidad y Pr\u00f3spero A\u00f1o Nuevo con la interpretaci\u00f3n del m\u00edtico villancico \u201cJingle Bells\u201d. Lo han grabado con todo su cari\u00f1o y dedicaci\u00f3n, interpret\u00e1ndolo con campanas y carillones, haciendo alusi\u00f3n al t\u00edtulo del villancico \u201cSuenan las campanas\u201d.<\/p>\n<p>[youtube https:\/\/www.youtube.com\/watch?v=yxqTP1sBnQY]<\/p>\n","protected":false},"excerpt":{"rendered":"<p>Nuestro alumnado de 1\u00ba y 2\u00ba ESO nos desea una Feliz Navidad y Pr\u00f3spero A\u00f1o Nuevo con la interpretaci\u00f3n del m\u00edtico villancico \u201cJingle Bells\u201d. Lo han grabado con todo su cari\u00f1o y dedicaci\u00f3n, interpret\u00e1ndolo con campanas y carillones, haciendo alusi\u00f3n al t\u00edtulo del villancico \u201cSuenan las campanas\u201d. [youtube https:\/\/www.youtube.com\/watch?v=yxqTP1sBnQY]<\/p>\n","protected":false},"author":11588,"featured_media":4692,"comment_status":"open","ping_status":"open","sticky":false,"template":"","format":"standard","meta":{"ngg_post_thumbnail":0,"footnotes":""},"categories":[173],"tags":[],"aioseo_notices":[],"_links":{"self":[{"href":"https:\/\/blogsaverroes.juntadeandalucia.es\/iesriberadelfardes\/wp-json\/wp\/v2\/posts\/3557"}],"collection":[{"href":"https:\/\/blogsaverroes.juntadeandalucia.es\/iesriberadelfardes\/wp-json\/wp\/v2\/posts"}],"about":[{"href":"https:\/\/blogsaverroes.juntadeandalucia.es\/iesriberadelfardes\/wp-json\/wp\/v2\/types\/post"}],"author":[{"embeddable":true,"href":"https:\/\/blogsaverroes.juntadeandalucia.es\/iesriberadelfardes\/wp-json\/wp\/v2\/users\/11588"}],"replies":[{"embeddable":true,"href":"https:\/\/blogsaverroes.juntadeandalucia.es\/iesriberadelfardes\/wp-json\/wp\/v2\/comments?post=3557"}],"version-history":[{"count":1,"href":"https:\/\/blogsaverroes.juntadeandalucia.es\/iesriberadelfardes\/wp-json\/wp\/v2\/posts\/3557\/revisions"}],"predecessor-version":[{"id":3558,"href":"https:\/\/blogsaverroes.juntadeandalucia.es\/iesriberadelfardes\/wp-json\/wp\/v2\/posts\/3557\/revisions\/3558"}],"wp:featuredmedia":[{"embeddable":true,"href":"https:\/\/blogsaverroes.juntadeandalucia.es\/iesriberadelfardes\/wp-json\/wp\/v2\/media\/4692"}],"wp:attachment":[{"href":"https:\/\/blogsaverroes.juntadeandalucia.es\/iesriberadelfardes\/wp-json\/wp\/v2\/media?parent=3557"}],"wp:term":[{"taxonomy":"category","embeddable":true,"href":"https:\/\/blogsaverroes.juntadeandalucia.es\/iesriberadelfardes\/wp-json\/wp\/v2\/categories?post=3557"},{"taxonomy":"post_tag","embeddable":true,"href":"https:\/\/blogsaverroes.juntadeandalucia.es\/iesriberadelfardes\/wp-json\/wp\/v2\/tags?post=3557"}],"curies":[{"name":"wp","href":"https:\/\/api.w.org\/{rel}","templated":true}]}}