{"id":4011,"date":"2021-03-24T13:17:47","date_gmt":"2021-03-24T13:17:47","guid":{"rendered":"http:\/\/blogsaverroes.juntadeandalucia.es\/iesriberadelfardes\/?p=4011"},"modified":"2021-06-16T10:32:37","modified_gmt":"2021-06-16T10:32:37","slug":"videoconferencia-con-madagascar","status":"publish","type":"post","link":"https:\/\/blogsaverroes.juntadeandalucia.es\/iesriberadelfardes\/2021\/03\/24\/videoconferencia-con-madagascar\/","title":{"rendered":"VIDEOCONFERENCIA CON MADAGASCAR"},"content":{"rendered":"<p><a href=\"https:\/\/youtu.be\/UXURtfGgbvM\"><img fetchpriority=\"high\" decoding=\"async\" class=\"size-medium wp-image-4012 aligncenter\" src=\"https:\/\/blogsaverroes.juntadeandalucia.es\/iesriberadelfardes\/files\/2021\/03\/V\u00eddeoconferencia-con-Madagascar-300x169.jpg\" alt=\"\" width=\"300\" height=\"169\" srcset=\"https:\/\/blogsaverroes.juntadeandalucia.es\/iesriberadelfardes\/files\/2021\/03\/V\u00eddeoconferencia-con-Madagascar-300x169.jpg 300w, https:\/\/blogsaverroes.juntadeandalucia.es\/iesriberadelfardes\/files\/2021\/03\/V\u00eddeoconferencia-con-Madagascar-1024x576.jpg 1024w, https:\/\/blogsaverroes.juntadeandalucia.es\/iesriberadelfardes\/files\/2021\/03\/V\u00eddeoconferencia-con-Madagascar-768x432.jpg 768w, https:\/\/blogsaverroes.juntadeandalucia.es\/iesriberadelfardes\/files\/2021\/03\/V\u00eddeoconferencia-con-Madagascar-700x393.jpg 700w, https:\/\/blogsaverroes.juntadeandalucia.es\/iesriberadelfardes\/files\/2021\/03\/V\u00eddeoconferencia-con-Madagascar.jpg 1366w\" sizes=\"(max-width: 300px) 100vw, 300px\" \/><\/a>Ha tenido lugar en nuestro centro la tan esperada v\u00eddeoconferencia entre nuestra aula hermanada en Madagascar y la clase que comenz\u00f3 con este maravilloso proyecto N\u00e1mana el a\u00f1o pasado, 1\u00baA, que este a\u00f1o est\u00e1 en su mayor\u00eda en 2\u00baA. El a\u00f1o pasado, debido al confinamiento a causa del Covid-19 no pudo realizarse y, por tanto, el alumnado tanto malgache como espa\u00f1ol, estaba deseando comunicarse y verse entre ellos.<\/p>\n<p>Ayer, d\u00eda 23 de marzo, pudimos disfrutar de esta maravillosa experiencia. Una alumna dijo emocionada: \u00abestamos hablando con alumnos que est\u00e1n a 8.000 kil\u00f3metros\u00bb&#8230;<\/p>\n<p>Practicaron mucho franc\u00e9s, hablaron de sus pueblos con la ayuda de su profesora de franc\u00e9s, Paqui Jim\u00e9nez, y pudieron comunicarse, preguntar y responder preguntas con la inmensurable ayuda de Valerie Delinois, coordinadora del proyecto. Nuestro enorme agradecimiento a Valerie por hacer posible que nuestro alumnado conozca otras realidades y por contribuir a que nuestro alumnado tenga experiencias tan sumamente ricas.<\/p>\n","protected":false},"excerpt":{"rendered":"<p>Ha tenido lugar en nuestro centro la tan esperada v\u00eddeoconferencia entre nuestra aula hermanada en Madagascar y la clase que comenz\u00f3 con este maravilloso proyecto N\u00e1mana el a\u00f1o pasado, 1\u00baA, que este a\u00f1o est\u00e1 en su mayor\u00eda en 2\u00baA. El a\u00f1o pasado, debido al confinamiento a causa del Covid-19 no pudo realizarse y, por tanto, &hellip; <\/p>\n<p><a class=\"more-link btn\" href=\"https:\/\/blogsaverroes.juntadeandalucia.es\/iesriberadelfardes\/2021\/03\/24\/videoconferencia-con-madagascar\/\">Seguir leyendo<\/a><\/p>\n","protected":false},"author":11254,"featured_media":4012,"comment_status":"open","ping_status":"open","sticky":false,"template":"","format":"standard","meta":{"ngg_post_thumbnail":0,"footnotes":""},"categories":[7227,3981,429],"tags":[],"aioseo_notices":[],"_links":{"self":[{"href":"https:\/\/blogsaverroes.juntadeandalucia.es\/iesriberadelfardes\/wp-json\/wp\/v2\/posts\/4011"}],"collection":[{"href":"https:\/\/blogsaverroes.juntadeandalucia.es\/iesriberadelfardes\/wp-json\/wp\/v2\/posts"}],"about":[{"href":"https:\/\/blogsaverroes.juntadeandalucia.es\/iesriberadelfardes\/wp-json\/wp\/v2\/types\/post"}],"author":[{"embeddable":true,"href":"https:\/\/blogsaverroes.juntadeandalucia.es\/iesriberadelfardes\/wp-json\/wp\/v2\/users\/11254"}],"replies":[{"embeddable":true,"href":"https:\/\/blogsaverroes.juntadeandalucia.es\/iesriberadelfardes\/wp-json\/wp\/v2\/comments?post=4011"}],"version-history":[{"count":3,"href":"https:\/\/blogsaverroes.juntadeandalucia.es\/iesriberadelfardes\/wp-json\/wp\/v2\/posts\/4011\/revisions"}],"predecessor-version":[{"id":4800,"href":"https:\/\/blogsaverroes.juntadeandalucia.es\/iesriberadelfardes\/wp-json\/wp\/v2\/posts\/4011\/revisions\/4800"}],"wp:featuredmedia":[{"embeddable":true,"href":"https:\/\/blogsaverroes.juntadeandalucia.es\/iesriberadelfardes\/wp-json\/wp\/v2\/media\/4012"}],"wp:attachment":[{"href":"https:\/\/blogsaverroes.juntadeandalucia.es\/iesriberadelfardes\/wp-json\/wp\/v2\/media?parent=4011"}],"wp:term":[{"taxonomy":"category","embeddable":true,"href":"https:\/\/blogsaverroes.juntadeandalucia.es\/iesriberadelfardes\/wp-json\/wp\/v2\/categories?post=4011"},{"taxonomy":"post_tag","embeddable":true,"href":"https:\/\/blogsaverroes.juntadeandalucia.es\/iesriberadelfardes\/wp-json\/wp\/v2\/tags?post=4011"}],"curies":[{"name":"wp","href":"https:\/\/api.w.org\/{rel}","templated":true}]}}