{"id":4977,"date":"2021-11-02T20:24:55","date_gmt":"2021-11-02T20:24:55","guid":{"rendered":"http:\/\/blogsaverroes.juntadeandalucia.es\/iesriberadelfardes\/?p=4977"},"modified":"2021-11-02T20:34:08","modified_gmt":"2021-11-02T20:34:08","slug":"concurso-de-halloween","status":"publish","type":"post","link":"https:\/\/blogsaverroes.juntadeandalucia.es\/iesriberadelfardes\/2021\/11\/02\/concurso-de-halloween\/","title":{"rendered":"CONCURSO DE HALLOWEEN"},"content":{"rendered":"<p>El pasado viernes 29 de octubre, se celebr\u00f3 en la biblioteca del centro nuestro popular concurso de Halloween. El alumnado particip\u00f3 en diferentes concursos para Lengua y Literatura, Ingl\u00e9s y Franc\u00e9s.<\/p>\n<p><a href=\"https:\/\/blogsaverroes.juntadeandalucia.es\/iesriberadelfardes\/files\/2021\/11\/Halloween-2021-26-scaled.jpg\"><img decoding=\"async\" class=\"size-thumbnail wp-image-5009 alignleft\" src=\"https:\/\/blogsaverroes.juntadeandalucia.es\/iesriberadelfardes\/files\/2021\/11\/Halloween-2021-26-150x150.jpg\" alt=\"\" width=\"150\" height=\"150\" srcset=\"https:\/\/blogsaverroes.juntadeandalucia.es\/iesriberadelfardes\/files\/2021\/11\/Halloween-2021-26-150x150.jpg 150w, https:\/\/blogsaverroes.juntadeandalucia.es\/iesriberadelfardes\/files\/2021\/11\/Halloween-2021-26-300x300.jpg 300w, https:\/\/blogsaverroes.juntadeandalucia.es\/iesriberadelfardes\/files\/2021\/11\/Halloween-2021-26-432x432.jpg 432w, https:\/\/blogsaverroes.juntadeandalucia.es\/iesriberadelfardes\/files\/2021\/11\/Halloween-2021-26-268x268.jpg 268w, https:\/\/blogsaverroes.juntadeandalucia.es\/iesriberadelfardes\/files\/2021\/11\/Halloween-2021-26-50x50.jpg 50w\" sizes=\"(max-width: 150px) 100vw, 150px\" \/><\/a> <a href=\"https:\/\/blogsaverroes.juntadeandalucia.es\/iesriberadelfardes\/files\/2021\/11\/Halloween-2021-25-scaled.jpg\"><img decoding=\"async\" class=\"size-thumbnail wp-image-5008 alignnone\" src=\"https:\/\/blogsaverroes.juntadeandalucia.es\/iesriberadelfardes\/files\/2021\/11\/Halloween-2021-25-150x150.jpg\" alt=\"\" width=\"150\" height=\"150\" srcset=\"https:\/\/blogsaverroes.juntadeandalucia.es\/iesriberadelfardes\/files\/2021\/11\/Halloween-2021-25-150x150.jpg 150w, https:\/\/blogsaverroes.juntadeandalucia.es\/iesriberadelfardes\/files\/2021\/11\/Halloween-2021-25-300x300.jpg 300w, https:\/\/blogsaverroes.juntadeandalucia.es\/iesriberadelfardes\/files\/2021\/11\/Halloween-2021-25-432x432.jpg 432w, https:\/\/blogsaverroes.juntadeandalucia.es\/iesriberadelfardes\/files\/2021\/11\/Halloween-2021-25-268x268.jpg 268w, https:\/\/blogsaverroes.juntadeandalucia.es\/iesriberadelfardes\/files\/2021\/11\/Halloween-2021-25-50x50.jpg 50w\" sizes=\"(max-width: 150px) 100vw, 150px\" \/><\/a><a href=\"https:\/\/blogsaverroes.juntadeandalucia.es\/iesriberadelfardes\/files\/2021\/11\/Halloween-2021-23-scaled.jpg\"><img decoding=\"async\" class=\"size-thumbnail wp-image-5006 alignnone\" src=\"https:\/\/blogsaverroes.juntadeandalucia.es\/iesriberadelfardes\/files\/2021\/11\/Halloween-2021-23-150x150.jpg\" alt=\"\" width=\"150\" height=\"150\" srcset=\"https:\/\/blogsaverroes.juntadeandalucia.es\/iesriberadelfardes\/files\/2021\/11\/Halloween-2021-23-150x150.jpg 150w, https:\/\/blogsaverroes.juntadeandalucia.es\/iesriberadelfardes\/files\/2021\/11\/Halloween-2021-23-300x300.jpg 300w, https:\/\/blogsaverroes.juntadeandalucia.es\/iesriberadelfardes\/files\/2021\/11\/Halloween-2021-23-432x432.jpg 432w, https:\/\/blogsaverroes.juntadeandalucia.es\/iesriberadelfardes\/files\/2021\/11\/Halloween-2021-23-268x268.jpg 268w, https:\/\/blogsaverroes.juntadeandalucia.es\/iesriberadelfardes\/files\/2021\/11\/Halloween-2021-23-50x50.jpg 50w\" sizes=\"(max-width: 150px) 100vw, 150px\" \/><\/a><img loading=\"lazy\" decoding=\"async\" class=\"size-thumbnail wp-image-5005 alignnone\" style=\"font-family: 'Open Sans', sans-serif;font-size: 15px;font-style: normal;font-weight: 400\" src=\"https:\/\/blogsaverroes.juntadeandalucia.es\/iesriberadelfardes\/files\/2021\/11\/Halloween-2021-22-150x150.jpg\" alt=\"\" width=\"150\" height=\"150\" srcset=\"https:\/\/blogsaverroes.juntadeandalucia.es\/iesriberadelfardes\/files\/2021\/11\/Halloween-2021-22-150x150.jpg 150w, https:\/\/blogsaverroes.juntadeandalucia.es\/iesriberadelfardes\/files\/2021\/11\/Halloween-2021-22-300x300.jpg 300w, https:\/\/blogsaverroes.juntadeandalucia.es\/iesriberadelfardes\/files\/2021\/11\/Halloween-2021-22-432x432.jpg 432w, https:\/\/blogsaverroes.juntadeandalucia.es\/iesriberadelfardes\/files\/2021\/11\/Halloween-2021-22-268x268.jpg 268w, https:\/\/blogsaverroes.juntadeandalucia.es\/iesriberadelfardes\/files\/2021\/11\/Halloween-2021-22-50x50.jpg 50w\" sizes=\"(max-width: 150px) 100vw, 150px\" \/><\/p>\n<p><img loading=\"lazy\" decoding=\"async\" class=\"size-thumbnail wp-image-5007 alignnone\" style=\"font-family: 'Open Sans', sans-serif;font-size: 15px;font-style: normal;font-weight: 400\" src=\"https:\/\/blogsaverroes.juntadeandalucia.es\/iesriberadelfardes\/files\/2021\/11\/Halloween-2021-24-150x150.jpg\" alt=\"\" width=\"150\" height=\"150\" srcset=\"https:\/\/blogsaverroes.juntadeandalucia.es\/iesriberadelfardes\/files\/2021\/11\/Halloween-2021-24-150x150.jpg 150w, https:\/\/blogsaverroes.juntadeandalucia.es\/iesriberadelfardes\/files\/2021\/11\/Halloween-2021-24-300x300.jpg 300w, https:\/\/blogsaverroes.juntadeandalucia.es\/iesriberadelfardes\/files\/2021\/11\/Halloween-2021-24-432x432.jpg 432w, https:\/\/blogsaverroes.juntadeandalucia.es\/iesriberadelfardes\/files\/2021\/11\/Halloween-2021-24-268x268.jpg 268w, https:\/\/blogsaverroes.juntadeandalucia.es\/iesriberadelfardes\/files\/2021\/11\/Halloween-2021-24-50x50.jpg 50w\" sizes=\"(max-width: 150px) 100vw, 150px\" \/><\/p>\n<p><a href=\"https:\/\/blogsaverroes.juntadeandalucia.es\/iesriberadelfardes\/files\/2021\/11\/Halloween-2021-18-scaled.jpg\"><img loading=\"lazy\" decoding=\"async\" class=\"size-thumbnail wp-image-5001 alignleft\" src=\"https:\/\/blogsaverroes.juntadeandalucia.es\/iesriberadelfardes\/files\/2021\/11\/Halloween-2021-18-150x150.jpg\" alt=\"\" width=\"150\" height=\"150\" srcset=\"https:\/\/blogsaverroes.juntadeandalucia.es\/iesriberadelfardes\/files\/2021\/11\/Halloween-2021-18-150x150.jpg 150w, https:\/\/blogsaverroes.juntadeandalucia.es\/iesriberadelfardes\/files\/2021\/11\/Halloween-2021-18-300x300.jpg 300w, https:\/\/blogsaverroes.juntadeandalucia.es\/iesriberadelfardes\/files\/2021\/11\/Halloween-2021-18-432x432.jpg 432w, https:\/\/blogsaverroes.juntadeandalucia.es\/iesriberadelfardes\/files\/2021\/11\/Halloween-2021-18-268x268.jpg 268w, https:\/\/blogsaverroes.juntadeandalucia.es\/iesriberadelfardes\/files\/2021\/11\/Halloween-2021-18-50x50.jpg 50w\" sizes=\"(max-width: 150px) 100vw, 150px\" \/><\/a><\/p>\n<p><a href=\"https:\/\/blogsaverroes.juntadeandalucia.es\/iesriberadelfardes\/files\/2021\/11\/Halloween-2021-7-scaled.jpg\"><img loading=\"lazy\" decoding=\"async\" class=\" wp-image-4990 alignnone\" src=\"https:\/\/blogsaverroes.juntadeandalucia.es\/iesriberadelfardes\/files\/2021\/11\/Halloween-2021-7-225x300.jpg\" alt=\"\" width=\"134\" height=\"176\" \/><\/a><a href=\"https:\/\/blogsaverroes.juntadeandalucia.es\/iesriberadelfardes\/files\/2021\/11\/Halloween-2021-12-scaled.jpg\"><img loading=\"lazy\" decoding=\"async\" class=\"size-thumbnail wp-image-4995 alignnone\" src=\"https:\/\/blogsaverroes.juntadeandalucia.es\/iesriberadelfardes\/files\/2021\/11\/Halloween-2021-12-150x150.jpg\" alt=\"\" width=\"150\" height=\"150\" srcset=\"https:\/\/blogsaverroes.juntadeandalucia.es\/iesriberadelfardes\/files\/2021\/11\/Halloween-2021-12-150x150.jpg 150w, https:\/\/blogsaverroes.juntadeandalucia.es\/iesriberadelfardes\/files\/2021\/11\/Halloween-2021-12-300x300.jpg 300w, https:\/\/blogsaverroes.juntadeandalucia.es\/iesriberadelfardes\/files\/2021\/11\/Halloween-2021-12-432x432.jpg 432w, https:\/\/blogsaverroes.juntadeandalucia.es\/iesriberadelfardes\/files\/2021\/11\/Halloween-2021-12-268x268.jpg 268w, https:\/\/blogsaverroes.juntadeandalucia.es\/iesriberadelfardes\/files\/2021\/11\/Halloween-2021-12-50x50.jpg 50w\" sizes=\"(max-width: 150px) 100vw, 150px\" \/><\/a><img loading=\"lazy\" decoding=\"async\" class=\"size-thumbnail wp-image-4998 alignnone\" style=\"font-family: 'Open Sans', sans-serif;font-size: 15px\" src=\"https:\/\/blogsaverroes.juntadeandalucia.es\/iesriberadelfardes\/files\/2021\/11\/Halloween-2021-15-150x150.jpg\" alt=\"\" width=\"150\" height=\"150\" srcset=\"https:\/\/blogsaverroes.juntadeandalucia.es\/iesriberadelfardes\/files\/2021\/11\/Halloween-2021-15-150x150.jpg 150w, https:\/\/blogsaverroes.juntadeandalucia.es\/iesriberadelfardes\/files\/2021\/11\/Halloween-2021-15-300x300.jpg 300w, https:\/\/blogsaverroes.juntadeandalucia.es\/iesriberadelfardes\/files\/2021\/11\/Halloween-2021-15-432x432.jpg 432w, https:\/\/blogsaverroes.juntadeandalucia.es\/iesriberadelfardes\/files\/2021\/11\/Halloween-2021-15-268x268.jpg 268w, https:\/\/blogsaverroes.juntadeandalucia.es\/iesriberadelfardes\/files\/2021\/11\/Halloween-2021-15-50x50.jpg 50w\" sizes=\"(max-width: 150px) 100vw, 150px\" \/><\/p>\n<div dir=\"auto\">Se hizo entrega de premios a los ganadores, que fueron los siguientes:<\/div>\n<div dir=\"auto\"><\/div>\n<div dir=\"auto\"><strong>Concurso de relatos de terror, organizado por el Dpto. de Lengua y Literatura.<\/strong><\/div>\n<div dir=\"auto\">\n<p>&#8211; Clara Segura Velasco , de1\u00baD.<br \/>\n-Esmeralda Hern\u00e1ndez S\u00e1nchez, de 2\u00baB<br \/>\n<img loading=\"lazy\" decoding=\"async\" class=\"size-thumbnail wp-image-5003 alignleft\" style=\"font-family: 'Open Sans', sans-serif;font-size: 15px;font-style: normal;font-weight: 400\" src=\"https:\/\/blogsaverroes.juntadeandalucia.es\/iesriberadelfardes\/files\/2021\/11\/Halloween-2021-20-150x150.jpg\" alt=\"\" width=\"150\" height=\"150\" srcset=\"https:\/\/blogsaverroes.juntadeandalucia.es\/iesriberadelfardes\/files\/2021\/11\/Halloween-2021-20-150x150.jpg 150w, https:\/\/blogsaverroes.juntadeandalucia.es\/iesriberadelfardes\/files\/2021\/11\/Halloween-2021-20-300x300.jpg 300w, https:\/\/blogsaverroes.juntadeandalucia.es\/iesriberadelfardes\/files\/2021\/11\/Halloween-2021-20-432x432.jpg 432w, https:\/\/blogsaverroes.juntadeandalucia.es\/iesriberadelfardes\/files\/2021\/11\/Halloween-2021-20-268x268.jpg 268w, https:\/\/blogsaverroes.juntadeandalucia.es\/iesriberadelfardes\/files\/2021\/11\/Halloween-2021-20-50x50.jpg 50w\" sizes=\"(max-width: 150px) 100vw, 150px\" \/>-Lourdes Morales Mart\u00edn 3C<br \/>\n-Paula Torres Garc\u00eda, de 4\u00baA<\/p>\n<p><strong>Concurso de p\u00f3sters con esl\u00f3gans en ingl\u00e9s<\/strong>.<\/p>\n<div dir=\"auto\">-Terceros premios: Ariadna Garc\u00eda Romero (3\u00ba A), Irene G\u00f3mez Mi\u00f1arro (1\u00ba D) y Francisco Segura Requena (1\u00ba D).<\/div>\n<div dir=\"auto\">-Segundo premio: Beatriz Tejada Olmos (3\u00ba A).<\/div>\n<div dir=\"auto\">-Primer premio: Paula Tom\u00e1s Fern\u00e1ndez (1\u00ba D).<\/div>\n<div dir=\"auto\"><img loading=\"lazy\" decoding=\"async\" class=\"size-thumbnail wp-image-4996 alignleft\" style=\"font-family: 'Open Sans', sans-serif;font-size: 15px;font-style: normal;font-weight: 400\" src=\"https:\/\/blogsaverroes.juntadeandalucia.es\/iesriberadelfardes\/files\/2021\/11\/Halloween-2021-13-150x150.jpg\" alt=\"\" width=\"150\" height=\"150\" srcset=\"https:\/\/blogsaverroes.juntadeandalucia.es\/iesriberadelfardes\/files\/2021\/11\/Halloween-2021-13-150x150.jpg 150w, https:\/\/blogsaverroes.juntadeandalucia.es\/iesriberadelfardes\/files\/2021\/11\/Halloween-2021-13-300x300.jpg 300w, https:\/\/blogsaverroes.juntadeandalucia.es\/iesriberadelfardes\/files\/2021\/11\/Halloween-2021-13-432x432.jpg 432w, https:\/\/blogsaverroes.juntadeandalucia.es\/iesriberadelfardes\/files\/2021\/11\/Halloween-2021-13-268x268.jpg 268w, https:\/\/blogsaverroes.juntadeandalucia.es\/iesriberadelfardes\/files\/2021\/11\/Halloween-2021-13-50x50.jpg 50w\" sizes=\"(max-width: 150px) 100vw, 150px\" \/><\/div>\n<p><strong>Concurso de relatos de terror en franc\u00e9s:<\/strong><br \/>\n&#8211; Jaime Ruiz Vega 2B<\/p>\n<p><img loading=\"lazy\" decoding=\"async\" class=\"size-thumbnail wp-image-5002 alignleft\" style=\"font-family: 'Open Sans', sans-serif;font-size: 15px;font-style: normal;font-weight: 400\" src=\"https:\/\/blogsaverroes.juntadeandalucia.es\/iesriberadelfardes\/files\/2021\/11\/Halloween-2021-19-150x150.jpg\" alt=\"\" width=\"150\" height=\"150\" srcset=\"https:\/\/blogsaverroes.juntadeandalucia.es\/iesriberadelfardes\/files\/2021\/11\/Halloween-2021-19-150x150.jpg 150w, https:\/\/blogsaverroes.juntadeandalucia.es\/iesriberadelfardes\/files\/2021\/11\/Halloween-2021-19-300x300.jpg 300w, https:\/\/blogsaverroes.juntadeandalucia.es\/iesriberadelfardes\/files\/2021\/11\/Halloween-2021-19-432x432.jpg 432w, https:\/\/blogsaverroes.juntadeandalucia.es\/iesriberadelfardes\/files\/2021\/11\/Halloween-2021-19-268x268.jpg 268w, https:\/\/blogsaverroes.juntadeandalucia.es\/iesriberadelfardes\/files\/2021\/11\/Halloween-2021-19-50x50.jpg 50w\" sizes=\"(max-width: 150px) 100vw, 150px\" \/><\/p>\n<\/div>\n<p><img loading=\"lazy\" decoding=\"async\" class=\"size-thumbnail wp-image-4994 alignnone\" style=\"font-family: 'Open Sans', sans-serif;font-size: 15px;font-style: normal;font-weight: 400;text-align: center\" src=\"https:\/\/blogsaverroes.juntadeandalucia.es\/iesriberadelfardes\/files\/2021\/11\/Halloween-2021-11-150x150.jpg\" alt=\"\" width=\"150\" height=\"150\" srcset=\"https:\/\/blogsaverroes.juntadeandalucia.es\/iesriberadelfardes\/files\/2021\/11\/Halloween-2021-11-150x150.jpg 150w, https:\/\/blogsaverroes.juntadeandalucia.es\/iesriberadelfardes\/files\/2021\/11\/Halloween-2021-11-300x300.jpg 300w, https:\/\/blogsaverroes.juntadeandalucia.es\/iesriberadelfardes\/files\/2021\/11\/Halloween-2021-11-432x432.jpg 432w, https:\/\/blogsaverroes.juntadeandalucia.es\/iesriberadelfardes\/files\/2021\/11\/Halloween-2021-11-268x268.jpg 268w, https:\/\/blogsaverroes.juntadeandalucia.es\/iesriberadelfardes\/files\/2021\/11\/Halloween-2021-11-50x50.jpg 50w\" sizes=\"(max-width: 150px) 100vw, 150px\" \/><img loading=\"lazy\" decoding=\"async\" class=\"size-thumbnail wp-image-5000 alignleft\" src=\"https:\/\/blogsaverroes.juntadeandalucia.es\/iesriberadelfardes\/files\/2021\/11\/Halloween-2021-17-150x150.jpg\" alt=\"\" width=\"150\" height=\"150\" srcset=\"https:\/\/blogsaverroes.juntadeandalucia.es\/iesriberadelfardes\/files\/2021\/11\/Halloween-2021-17-150x150.jpg 150w, https:\/\/blogsaverroes.juntadeandalucia.es\/iesriberadelfardes\/files\/2021\/11\/Halloween-2021-17-300x300.jpg 300w, https:\/\/blogsaverroes.juntadeandalucia.es\/iesriberadelfardes\/files\/2021\/11\/Halloween-2021-17-432x432.jpg 432w, https:\/\/blogsaverroes.juntadeandalucia.es\/iesriberadelfardes\/files\/2021\/11\/Halloween-2021-17-268x268.jpg 268w, https:\/\/blogsaverroes.juntadeandalucia.es\/iesriberadelfardes\/files\/2021\/11\/Halloween-2021-17-50x50.jpg 50w\" sizes=\"(max-width: 150px) 100vw, 150px\" \/><\/p>\n<p><img loading=\"lazy\" decoding=\"async\" class=\"size-thumbnail wp-image-5004 alignleft\" style=\"font-family: 'Open Sans', sans-serif;font-size: 15px;font-style: normal;font-weight: 400\" src=\"https:\/\/blogsaverroes.juntadeandalucia.es\/iesriberadelfardes\/files\/2021\/11\/Halloween-2021-21-150x150.jpg\" alt=\"\" width=\"150\" height=\"150\" srcset=\"https:\/\/blogsaverroes.juntadeandalucia.es\/iesriberadelfardes\/files\/2021\/11\/Halloween-2021-21-150x150.jpg 150w, https:\/\/blogsaverroes.juntadeandalucia.es\/iesriberadelfardes\/files\/2021\/11\/Halloween-2021-21-300x300.jpg 300w, https:\/\/blogsaverroes.juntadeandalucia.es\/iesriberadelfardes\/files\/2021\/11\/Halloween-2021-21-432x432.jpg 432w, https:\/\/blogsaverroes.juntadeandalucia.es\/iesriberadelfardes\/files\/2021\/11\/Halloween-2021-21-268x268.jpg 268w, https:\/\/blogsaverroes.juntadeandalucia.es\/iesriberadelfardes\/files\/2021\/11\/Halloween-2021-21-50x50.jpg 50w\" sizes=\"(max-width: 150px) 100vw, 150px\" \/><\/p>\n<p style=\"text-align: center\"><a href=\"https:\/\/blogsaverroes.juntadeandalucia.es\/iesriberadelfardes\/files\/2021\/11\/Halloween-2021-16-scaled.jpg\"><img loading=\"lazy\" decoding=\"async\" class=\"size-thumbnail wp-image-4999 alignleft\" src=\"https:\/\/blogsaverroes.juntadeandalucia.es\/iesriberadelfardes\/files\/2021\/11\/Halloween-2021-16-150x150.jpg\" alt=\"\" width=\"150\" height=\"150\" srcset=\"https:\/\/blogsaverroes.juntadeandalucia.es\/iesriberadelfardes\/files\/2021\/11\/Halloween-2021-16-150x150.jpg 150w, https:\/\/blogsaverroes.juntadeandalucia.es\/iesriberadelfardes\/files\/2021\/11\/Halloween-2021-16-300x300.jpg 300w, https:\/\/blogsaverroes.juntadeandalucia.es\/iesriberadelfardes\/files\/2021\/11\/Halloween-2021-16-432x432.jpg 432w, https:\/\/blogsaverroes.juntadeandalucia.es\/iesriberadelfardes\/files\/2021\/11\/Halloween-2021-16-268x268.jpg 268w, https:\/\/blogsaverroes.juntadeandalucia.es\/iesriberadelfardes\/files\/2021\/11\/Halloween-2021-16-50x50.jpg 50w\" sizes=\"(max-width: 150px) 100vw, 150px\" \/><\/a><a href=\"https:\/\/blogsaverroes.juntadeandalucia.es\/iesriberadelfardes\/files\/2021\/11\/Halloween-2021-14-scaled.jpg\"><img loading=\"lazy\" decoding=\"async\" class=\"size-thumbnail wp-image-4997 alignleft\" src=\"https:\/\/blogsaverroes.juntadeandalucia.es\/iesriberadelfardes\/files\/2021\/11\/Halloween-2021-14-150x150.jpg\" alt=\"\" width=\"150\" height=\"150\" srcset=\"https:\/\/blogsaverroes.juntadeandalucia.es\/iesriberadelfardes\/files\/2021\/11\/Halloween-2021-14-150x150.jpg 150w, https:\/\/blogsaverroes.juntadeandalucia.es\/iesriberadelfardes\/files\/2021\/11\/Halloween-2021-14-300x300.jpg 300w, https:\/\/blogsaverroes.juntadeandalucia.es\/iesriberadelfardes\/files\/2021\/11\/Halloween-2021-14-432x432.jpg 432w, https:\/\/blogsaverroes.juntadeandalucia.es\/iesriberadelfardes\/files\/2021\/11\/Halloween-2021-14-268x268.jpg 268w, https:\/\/blogsaverroes.juntadeandalucia.es\/iesriberadelfardes\/files\/2021\/11\/Halloween-2021-14-50x50.jpg 50w\" sizes=\"(max-width: 150px) 100vw, 150px\" \/><\/a> <a href=\"https:\/\/blogsaverroes.juntadeandalucia.es\/iesriberadelfardes\/files\/2021\/11\/Halloween-2021-10-scaled.jpg\"><img loading=\"lazy\" decoding=\"async\" class=\"size-thumbnail wp-image-4993 alignleft\" src=\"https:\/\/blogsaverroes.juntadeandalucia.es\/iesriberadelfardes\/files\/2021\/11\/Halloween-2021-10-150x150.jpg\" alt=\"\" width=\"150\" height=\"150\" srcset=\"https:\/\/blogsaverroes.juntadeandalucia.es\/iesriberadelfardes\/files\/2021\/11\/Halloween-2021-10-150x150.jpg 150w, https:\/\/blogsaverroes.juntadeandalucia.es\/iesriberadelfardes\/files\/2021\/11\/Halloween-2021-10-300x300.jpg 300w, https:\/\/blogsaverroes.juntadeandalucia.es\/iesriberadelfardes\/files\/2021\/11\/Halloween-2021-10-432x432.jpg 432w, https:\/\/blogsaverroes.juntadeandalucia.es\/iesriberadelfardes\/files\/2021\/11\/Halloween-2021-10-268x268.jpg 268w, https:\/\/blogsaverroes.juntadeandalucia.es\/iesriberadelfardes\/files\/2021\/11\/Halloween-2021-10-50x50.jpg 50w\" sizes=\"(max-width: 150px) 100vw, 150px\" \/><\/a><img loading=\"lazy\" decoding=\"async\" class=\"size-thumbnail wp-image-4992 alignleft\" src=\"https:\/\/blogsaverroes.juntadeandalucia.es\/iesriberadelfardes\/files\/2021\/11\/Halloween-2021-9-150x150.jpg\" alt=\"\" width=\"150\" height=\"150\" srcset=\"https:\/\/blogsaverroes.juntadeandalucia.es\/iesriberadelfardes\/files\/2021\/11\/Halloween-2021-9-150x150.jpg 150w, https:\/\/blogsaverroes.juntadeandalucia.es\/iesriberadelfardes\/files\/2021\/11\/Halloween-2021-9-300x300.jpg 300w, https:\/\/blogsaverroes.juntadeandalucia.es\/iesriberadelfardes\/files\/2021\/11\/Halloween-2021-9-432x432.jpg 432w, https:\/\/blogsaverroes.juntadeandalucia.es\/iesriberadelfardes\/files\/2021\/11\/Halloween-2021-9-268x268.jpg 268w, https:\/\/blogsaverroes.juntadeandalucia.es\/iesriberadelfardes\/files\/2021\/11\/Halloween-2021-9-50x50.jpg 50w\" sizes=\"(max-width: 150px) 100vw, 150px\" \/><img loading=\"lazy\" decoding=\"async\" class=\"size-thumbnail wp-image-4991 alignleft\" src=\"https:\/\/blogsaverroes.juntadeandalucia.es\/iesriberadelfardes\/files\/2021\/11\/Halloween-2021-8-150x150.jpg\" alt=\"\" width=\"150\" height=\"150\" srcset=\"https:\/\/blogsaverroes.juntadeandalucia.es\/iesriberadelfardes\/files\/2021\/11\/Halloween-2021-8-150x150.jpg 150w, https:\/\/blogsaverroes.juntadeandalucia.es\/iesriberadelfardes\/files\/2021\/11\/Halloween-2021-8-300x300.jpg 300w, https:\/\/blogsaverroes.juntadeandalucia.es\/iesriberadelfardes\/files\/2021\/11\/Halloween-2021-8-432x432.jpg 432w, https:\/\/blogsaverroes.juntadeandalucia.es\/iesriberadelfardes\/files\/2021\/11\/Halloween-2021-8-268x268.jpg 268w, https:\/\/blogsaverroes.juntadeandalucia.es\/iesriberadelfardes\/files\/2021\/11\/Halloween-2021-8-50x50.jpg 50w\" sizes=\"(max-width: 150px) 100vw, 150px\" \/><\/p>\n<p>&nbsp;<\/p>\n<p>&nbsp;<\/p>\n<p>&nbsp;<\/p>\n<p>&nbsp;<\/p>\n<p>&nbsp;<\/p>\n<p>&nbsp;<\/p>\n<p><a style=\"font-family: 'Open Sans', sans-serif;font-size: 15px;font-style: normal;font-weight: 400\" href=\"https:\/\/blogsaverroes.juntadeandalucia.es\/iesriberadelfardes\/files\/2021\/11\/Halloween-2021-4-scaled.jpg\"><img loading=\"lazy\" decoding=\"async\" class=\"wp-image-4984 alignleft\" style=\"padding: 5.275px\" src=\"https:\/\/blogsaverroes.juntadeandalucia.es\/iesriberadelfardes\/files\/2021\/11\/Halloween-2021-4-300x225.jpg\" alt=\"\" width=\"185\" height=\"141\" \/><\/a><a href=\"https:\/\/blogsaverroes.juntadeandalucia.es\/iesriberadelfardes\/files\/2021\/11\/Halloween-2021-6-scaled.jpg\"><img loading=\"lazy\" decoding=\"async\" class=\"wp-image-4988 alignleft\" src=\"https:\/\/blogsaverroes.juntadeandalucia.es\/iesriberadelfardes\/files\/2021\/11\/Halloween-2021-6-300x225.jpg\" alt=\"\" width=\"199\" height=\"151\" \/><\/a> <a href=\"https:\/\/blogsaverroes.juntadeandalucia.es\/iesriberadelfardes\/files\/2021\/11\/Halloween-2021-5-scaled.jpg\"><img loading=\"lazy\" decoding=\"async\" class=\"wp-image-4986 alignleft\" src=\"https:\/\/blogsaverroes.juntadeandalucia.es\/iesriberadelfardes\/files\/2021\/11\/Halloween-2021-5-225x300.jpg\" alt=\"\" width=\"146\" height=\"192\" \/><\/a><a href=\"https:\/\/blogsaverroes.juntadeandalucia.es\/iesriberadelfardes\/files\/2021\/11\/Halloween-2021-3-scaled.jpg\"><img loading=\"lazy\" decoding=\"async\" class=\"wp-image-4982 alignleft\" src=\"https:\/\/blogsaverroes.juntadeandalucia.es\/iesriberadelfardes\/files\/2021\/11\/Halloween-2021-3-300x225.jpg\" alt=\"\" width=\"198\" height=\"150\" srcset=\"https:\/\/blogsaverroes.juntadeandalucia.es\/iesriberadelfardes\/files\/2021\/11\/Halloween-2021-3-300x225.jpg 300w, https:\/\/blogsaverroes.juntadeandalucia.es\/iesriberadelfardes\/files\/2021\/11\/Halloween-2021-3-1024x768.jpg 1024w, https:\/\/blogsaverroes.juntadeandalucia.es\/iesriberadelfardes\/files\/2021\/11\/Halloween-2021-3-768x576.jpg 768w, https:\/\/blogsaverroes.juntadeandalucia.es\/iesriberadelfardes\/files\/2021\/11\/Halloween-2021-3-1536x1152.jpg 1536w, https:\/\/blogsaverroes.juntadeandalucia.es\/iesriberadelfardes\/files\/2021\/11\/Halloween-2021-3-2048x1536.jpg 2048w, https:\/\/blogsaverroes.juntadeandalucia.es\/iesriberadelfardes\/files\/2021\/11\/Halloween-2021-3-700x525.jpg 700w, https:\/\/blogsaverroes.juntadeandalucia.es\/iesriberadelfardes\/files\/2021\/11\/Halloween-2021-3-scaled.jpg 1600w\" sizes=\"(max-width: 198px) 100vw, 198px\" \/><\/a> <a href=\"https:\/\/blogsaverroes.juntadeandalucia.es\/iesriberadelfardes\/files\/2021\/11\/Halloween-2021-1-scaled.jpg\"><img loading=\"lazy\" decoding=\"async\" class=\"wp-image-4979 alignleft\" src=\"https:\/\/blogsaverroes.juntadeandalucia.es\/iesriberadelfardes\/files\/2021\/11\/Halloween-2021-1-300x225.jpg\" alt=\"\" width=\"182\" height=\"138\" srcset=\"https:\/\/blogsaverroes.juntadeandalucia.es\/iesriberadelfardes\/files\/2021\/11\/Halloween-2021-1-300x225.jpg 300w, https:\/\/blogsaverroes.juntadeandalucia.es\/iesriberadelfardes\/files\/2021\/11\/Halloween-2021-1-1024x768.jpg 1024w, https:\/\/blogsaverroes.juntadeandalucia.es\/iesriberadelfardes\/files\/2021\/11\/Halloween-2021-1-768x576.jpg 768w, https:\/\/blogsaverroes.juntadeandalucia.es\/iesriberadelfardes\/files\/2021\/11\/Halloween-2021-1-1536x1152.jpg 1536w, https:\/\/blogsaverroes.juntadeandalucia.es\/iesriberadelfardes\/files\/2021\/11\/Halloween-2021-1-2048x1536.jpg 2048w, https:\/\/blogsaverroes.juntadeandalucia.es\/iesriberadelfardes\/files\/2021\/11\/Halloween-2021-1-700x525.jpg 700w, https:\/\/blogsaverroes.juntadeandalucia.es\/iesriberadelfardes\/files\/2021\/11\/Halloween-2021-1-scaled.jpg 1600w\" sizes=\"(max-width: 182px) 100vw, 182px\" \/><\/a><\/p>\n<p>&nbsp;<\/p>\n<p>&nbsp;<\/p>\n<p>&nbsp;<\/p>\n<p>&nbsp;<\/p>\n<p>&nbsp;<\/p>\n<p>&nbsp;<\/p>\n<p>&nbsp;<\/p>\n<p>&nbsp;<\/p>\n<p>&nbsp;<\/p>\n<p>&nbsp;<\/p>\n<p>&nbsp;<\/p>\n","protected":false},"excerpt":{"rendered":"<p>El pasado viernes 29 de octubre, se celebr\u00f3 en la biblioteca del centro nuestro popular concurso de Halloween. El alumnado particip\u00f3 en diferentes concursos para Lengua y Literatura, Ingl\u00e9s y Franc\u00e9s. Se hizo entrega de premios a los ganadores, que fueron los siguientes: Concurso de relatos de terror, organizado por el Dpto. de Lengua y &hellip; <\/p>\n<p><a class=\"more-link btn\" href=\"https:\/\/blogsaverroes.juntadeandalucia.es\/iesriberadelfardes\/2021\/11\/02\/concurso-de-halloween\/\">Seguir leyendo<\/a><\/p>\n","protected":false},"author":11254,"featured_media":5009,"comment_status":"open","ping_status":"open","sticky":false,"template":"","format":"gallery","meta":{"ngg_post_thumbnail":0,"footnotes":""},"categories":[7227,429,170,18227],"tags":[],"aioseo_notices":[],"_links":{"self":[{"href":"https:\/\/blogsaverroes.juntadeandalucia.es\/iesriberadelfardes\/wp-json\/wp\/v2\/posts\/4977"}],"collection":[{"href":"https:\/\/blogsaverroes.juntadeandalucia.es\/iesriberadelfardes\/wp-json\/wp\/v2\/posts"}],"about":[{"href":"https:\/\/blogsaverroes.juntadeandalucia.es\/iesriberadelfardes\/wp-json\/wp\/v2\/types\/post"}],"author":[{"embeddable":true,"href":"https:\/\/blogsaverroes.juntadeandalucia.es\/iesriberadelfardes\/wp-json\/wp\/v2\/users\/11254"}],"replies":[{"embeddable":true,"href":"https:\/\/blogsaverroes.juntadeandalucia.es\/iesriberadelfardes\/wp-json\/wp\/v2\/comments?post=4977"}],"version-history":[{"count":8,"href":"https:\/\/blogsaverroes.juntadeandalucia.es\/iesriberadelfardes\/wp-json\/wp\/v2\/posts\/4977\/revisions"}],"predecessor-version":[{"id":5018,"href":"https:\/\/blogsaverroes.juntadeandalucia.es\/iesriberadelfardes\/wp-json\/wp\/v2\/posts\/4977\/revisions\/5018"}],"wp:featuredmedia":[{"embeddable":true,"href":"https:\/\/blogsaverroes.juntadeandalucia.es\/iesriberadelfardes\/wp-json\/wp\/v2\/media\/5009"}],"wp:attachment":[{"href":"https:\/\/blogsaverroes.juntadeandalucia.es\/iesriberadelfardes\/wp-json\/wp\/v2\/media?parent=4977"}],"wp:term":[{"taxonomy":"category","embeddable":true,"href":"https:\/\/blogsaverroes.juntadeandalucia.es\/iesriberadelfardes\/wp-json\/wp\/v2\/categories?post=4977"},{"taxonomy":"post_tag","embeddable":true,"href":"https:\/\/blogsaverroes.juntadeandalucia.es\/iesriberadelfardes\/wp-json\/wp\/v2\/tags?post=4977"}],"curies":[{"name":"wp","href":"https:\/\/api.w.org\/{rel}","templated":true}]}}