{"id":6276,"date":"2023-06-14T08:01:14","date_gmt":"2023-06-14T08:01:14","guid":{"rendered":"http:\/\/blogsaverroes.juntadeandalucia.es\/iesriberadelfardes\/?p=6276"},"modified":"2023-06-14T08:15:13","modified_gmt":"2023-06-14T08:15:13","slug":"6276","status":"publish","type":"post","link":"https:\/\/blogsaverroes.juntadeandalucia.es\/iesriberadelfardes\/2023\/06\/14\/6276\/","title":{"rendered":"PROYECTOS ERASMUS PLUS: MOVILIDAD DE GRUPO DE ALUMNOS EN RIDDERKERK (PA\u00cdSES BAJOS). 22-26 de mayo de 2023"},"content":{"rendered":"<p>&nbsp;<\/p>\n<p><a href=\"https:\/\/blogsaverroes.juntadeandalucia.es\/iesriberadelfardes\/files\/2022\/06\/LOGO-ACREDITACIONES-scaled.jpg\"><img decoding=\"async\" class=\"alignnone wp-image-5756\" src=\"https:\/\/blogsaverroes.juntadeandalucia.es\/iesriberadelfardes\/files\/2022\/06\/LOGO-ACREDITACIONES-207x300.jpg\" alt=\"\" width=\"134\" height=\"191\" \/>\u00a0\u00a0\u00a0\u00a0 <\/a><a href=\"https:\/\/blogsaverroes.juntadeandalucia.es\/iesriberadelfardes\/files\/2022\/11\/1-1.jpeg\"><img decoding=\"async\" class=\"alignnone wp-image-5896\" src=\"https:\/\/blogsaverroes.juntadeandalucia.es\/iesriberadelfardes\/files\/2022\/11\/1-1.jpeg\" alt=\"\" width=\"164\" height=\"107\" \/><\/a><a href=\"https:\/\/blogsaverroes.juntadeandalucia.es\/iesriberadelfardes\/files\/2022\/06\/LOGO-ACREDITACIONES-scaled.jpg\"> \u00a0\u00a0\u00a0 <\/a><a href=\"https:\/\/blogsaverroes.juntadeandalucia.es\/iesriberadelfardes\/files\/2022\/06\/es_v_cofinanciado_por_la_union_europea_pos.png\"><img decoding=\"async\" class=\"alignnone wp-image-5777\" src=\"https:\/\/blogsaverroes.juntadeandalucia.es\/iesriberadelfardes\/files\/2022\/06\/es_v_cofinanciado_por_la_union_europea_pos-296x300.png\" alt=\"\" width=\"188\" height=\"190\" srcset=\"https:\/\/blogsaverroes.juntadeandalucia.es\/iesriberadelfardes\/files\/2022\/06\/es_v_cofinanciado_por_la_union_europea_pos-296x300.png 296w, https:\/\/blogsaverroes.juntadeandalucia.es\/iesriberadelfardes\/files\/2022\/06\/es_v_cofinanciado_por_la_union_europea_pos-768x778.png 768w, https:\/\/blogsaverroes.juntadeandalucia.es\/iesriberadelfardes\/files\/2022\/06\/es_v_cofinanciado_por_la_union_europea_pos-700x709.png 700w, https:\/\/blogsaverroes.juntadeandalucia.es\/iesriberadelfardes\/files\/2022\/06\/es_v_cofinanciado_por_la_union_europea_pos.png 910w\" sizes=\"(max-width: 188px) 100vw, 188px\" \/><\/a><\/p>\n<p><strong>Cla\u00fasula de rescisi\u00f3n de responsabilidad: \u00abEl proyecto \u00abAcreditaciones\u00bb est\u00e1 cofinanciado por el programa Erasmus+ de la Uni\u00f3n Europea. El contenido de esta imagen es responsabilidad exclusiva del IES Ribera del Fardes y ni la Comisi\u00f3n Europea, ni el Servicio Espa\u00f1ol para la Internacionalizaci\u00f3n de la Educaci\u00f3n (SEPIE) son responsables del uso que pueda hacerse de la informaci\u00f3n aqu\u00ed difundida.\u00bb<br \/>\n<\/strong><\/p>\n<p>La movilidad de grupo de alumnos en Holanda tuvo lugar la semana del 22 al 26 de mayo. \u00a1Fue impresionante! Os dejo el enlace al Padlet (y en versi\u00f3n PDF) creado por la profesora Montserrat S\u00e1nchez<\/p>\n<p><a href=\"https:\/\/es.padlet.com\/monsanpe2012\/movilidad-holanda-x4h6aofu0uvnhh09\">https:\/\/es.padlet.com\/monsanpe2012\/movilidad-holanda-x4h6aofu0uvnhh09<\/a><\/p>\n<p><a href=\"https:\/\/drive.google.com\/file\/d\/1K0DiehPRjWr96vbqR_ne8vkLVQgCPSox\/view?usp=share_link\">https:\/\/drive.google.com\/file\/d\/1K0DiehPRjWr96vbqR_ne8vkLVQgCPSox\/view?usp=share_link<\/a><\/p>\n<p><a href=\"https:\/\/blogsaverroes.juntadeandalucia.es\/iesriberadelfardes\/files\/2023\/06\/Captura-de-Pantalla-2023-06-14-a-las-9.50.23.png\"><img loading=\"lazy\" decoding=\"async\" class=\"size-medium wp-image-6277 aligncenter\" src=\"https:\/\/blogsaverroes.juntadeandalucia.es\/iesriberadelfardes\/files\/2023\/06\/Captura-de-Pantalla-2023-06-14-a-las-9.50.23-300x188.png\" alt=\"\" width=\"300\" height=\"188\" srcset=\"https:\/\/blogsaverroes.juntadeandalucia.es\/iesriberadelfardes\/files\/2023\/06\/Captura-de-Pantalla-2023-06-14-a-las-9.50.23-300x188.png 300w, https:\/\/blogsaverroes.juntadeandalucia.es\/iesriberadelfardes\/files\/2023\/06\/Captura-de-Pantalla-2023-06-14-a-las-9.50.23-1024x640.png 1024w, https:\/\/blogsaverroes.juntadeandalucia.es\/iesriberadelfardes\/files\/2023\/06\/Captura-de-Pantalla-2023-06-14-a-las-9.50.23-768x480.png 768w, https:\/\/blogsaverroes.juntadeandalucia.es\/iesriberadelfardes\/files\/2023\/06\/Captura-de-Pantalla-2023-06-14-a-las-9.50.23-700x438.png 700w, https:\/\/blogsaverroes.juntadeandalucia.es\/iesriberadelfardes\/files\/2023\/06\/Captura-de-Pantalla-2023-06-14-a-las-9.50.23.png 1440w\" sizes=\"(max-width: 300px) 100vw, 300px\" \/><\/a><\/p>\n<p>&nbsp;<\/p>\n","protected":false},"excerpt":{"rendered":"<p>&nbsp; \u00a0\u00a0\u00a0\u00a0 \u00a0\u00a0\u00a0 Cla\u00fasula de rescisi\u00f3n de responsabilidad: \u00abEl proyecto \u00abAcreditaciones\u00bb est\u00e1 cofinanciado por el programa Erasmus+ de la Uni\u00f3n Europea. El contenido de esta imagen es responsabilidad exclusiva del IES Ribera del Fardes y ni la Comisi\u00f3n Europea, ni el Servicio Espa\u00f1ol para la Internacionalizaci\u00f3n de la Educaci\u00f3n (SEPIE) son responsables del uso que &hellip; <\/p>\n<p><a class=\"more-link btn\" href=\"https:\/\/blogsaverroes.juntadeandalucia.es\/iesriberadelfardes\/2023\/06\/14\/6276\/\">Seguir leyendo<\/a><\/p>\n","protected":false},"author":3669,"featured_media":6278,"comment_status":"open","ping_status":"open","sticky":false,"template":"","format":"standard","meta":{"ngg_post_thumbnail":0,"footnotes":""},"categories":[1217915,720994],"tags":[],"aioseo_notices":[],"_links":{"self":[{"href":"https:\/\/blogsaverroes.juntadeandalucia.es\/iesriberadelfardes\/wp-json\/wp\/v2\/posts\/6276"}],"collection":[{"href":"https:\/\/blogsaverroes.juntadeandalucia.es\/iesriberadelfardes\/wp-json\/wp\/v2\/posts"}],"about":[{"href":"https:\/\/blogsaverroes.juntadeandalucia.es\/iesriberadelfardes\/wp-json\/wp\/v2\/types\/post"}],"author":[{"embeddable":true,"href":"https:\/\/blogsaverroes.juntadeandalucia.es\/iesriberadelfardes\/wp-json\/wp\/v2\/users\/3669"}],"replies":[{"embeddable":true,"href":"https:\/\/blogsaverroes.juntadeandalucia.es\/iesriberadelfardes\/wp-json\/wp\/v2\/comments?post=6276"}],"version-history":[{"count":4,"href":"https:\/\/blogsaverroes.juntadeandalucia.es\/iesriberadelfardes\/wp-json\/wp\/v2\/posts\/6276\/revisions"}],"predecessor-version":[{"id":6282,"href":"https:\/\/blogsaverroes.juntadeandalucia.es\/iesriberadelfardes\/wp-json\/wp\/v2\/posts\/6276\/revisions\/6282"}],"wp:featuredmedia":[{"embeddable":true,"href":"https:\/\/blogsaverroes.juntadeandalucia.es\/iesriberadelfardes\/wp-json\/wp\/v2\/media\/6278"}],"wp:attachment":[{"href":"https:\/\/blogsaverroes.juntadeandalucia.es\/iesriberadelfardes\/wp-json\/wp\/v2\/media?parent=6276"}],"wp:term":[{"taxonomy":"category","embeddable":true,"href":"https:\/\/blogsaverroes.juntadeandalucia.es\/iesriberadelfardes\/wp-json\/wp\/v2\/categories?post=6276"},{"taxonomy":"post_tag","embeddable":true,"href":"https:\/\/blogsaverroes.juntadeandalucia.es\/iesriberadelfardes\/wp-json\/wp\/v2\/tags?post=6276"}],"curies":[{"name":"wp","href":"https:\/\/api.w.org\/{rel}","templated":true}]}}