{"id":8621,"date":"2025-03-09T20:16:55","date_gmt":"2025-03-09T20:16:55","guid":{"rendered":"https:\/\/blogsaverroes.juntadeandalucia.es\/iesriberadelfardes\/?p=8621"},"modified":"2025-03-09T20:16:55","modified_gmt":"2025-03-09T20:16:55","slug":"%f0%9d%97%a7%f0%9d%97%ae%f0%9d%97%b9%f0%9d%97%b9%f0%9d%97%b2%f0%9d%97%bf-%f0%9d%97%b1%f0%9d%97%b2-%f0%9d%97%99%f0%9d%97%bc%f0%9d%97%bf%f0%9d%97%ba%f0%9d%97%ae%f0%9d%97%b0%f0%9d%97%b6o%f0%9d%97%bb","status":"publish","type":"post","link":"https:\/\/blogsaverroes.juntadeandalucia.es\/iesriberadelfardes\/2025\/03\/09\/%f0%9d%97%a7%f0%9d%97%ae%f0%9d%97%b9%f0%9d%97%b9%f0%9d%97%b2%f0%9d%97%bf-%f0%9d%97%b1%f0%9d%97%b2-%f0%9d%97%99%f0%9d%97%bc%f0%9d%97%bf%f0%9d%97%ba%f0%9d%97%ae%f0%9d%97%b0%f0%9d%97%b6o%f0%9d%97%bb\/","title":{"rendered":"\ud835\udde7\ud835\uddee\ud835\uddf9\ud835\uddf9\ud835\uddf2\ud835\uddff \ud835\uddf1\ud835\uddf2 \ud835\uddd9\ud835\uddfc\ud835\uddff\ud835\uddfa\ud835\uddee\ud835\uddf0\ud835\uddf6\u00f3\ud835\uddfb"},"content":{"rendered":"<p>En el d\u00eda de ayer, el alumnado de 4 de DICU y FPB asisti\u00f3 al taller de formaci\u00f3n desarrollado por el Centro Andaluz de Emprendimiento de Guadix perteneciente a la Junta de Andaluc\u00eda.<\/p>\n<p>A trav\u00e9s de la ponente, Mari Luz, se abordaron distintas tematicas referentes a la pr\u00e1ctica de la escucha activa. Un \u00e1mbito de actuaci\u00f3n muy importante de cara al futuro de nuestro alumnado y su incorporaci\u00f3n al mercado laboral.<\/p>\n<p>Por medio de diversas din\u00e1micas trataron las formas de escucha activa y su importancia cotidiana.<\/p>\n<p>Un taller interesante que aporta un nuevo punto de vista para el alumnado en aspectos cotidianos que requieren de la mejora de sus habilidades para acercarlos a un futuro m\u00e1s fruct\u00edfero.<\/p>\n<p>Desde el centro queremos agradecer la predisposici\u00f3n de Mari Luz impartiendo este taller.<\/p>\n<p>@educaand #CADE @aemprende #formacion #habilidades #comunicacion @cepguadix #emprendeand<\/p>\n<p>&nbsp;<\/p>\nngg_shortcode_0_placeholder\n","protected":false},"excerpt":{"rendered":"<p>En el d\u00eda de ayer, el alumnado de 4 de DICU y FPB asisti\u00f3 al taller de formaci\u00f3n desarrollado por el Centro Andaluz de Emprendimiento de Guadix perteneciente a la Junta de Andaluc\u00eda. A trav\u00e9s de la ponente, Mari Luz, se abordaron distintas tematicas referentes a la pr\u00e1ctica de la escucha activa. Un \u00e1mbito de &hellip; <\/p>\n<p><a class=\"more-link btn\" href=\"https:\/\/blogsaverroes.juntadeandalucia.es\/iesriberadelfardes\/2025\/03\/09\/%f0%9d%97%a7%f0%9d%97%ae%f0%9d%97%b9%f0%9d%97%b9%f0%9d%97%b2%f0%9d%97%bf-%f0%9d%97%b1%f0%9d%97%b2-%f0%9d%97%99%f0%9d%97%bc%f0%9d%97%bf%f0%9d%97%ba%f0%9d%97%ae%f0%9d%97%b0%f0%9d%97%b6o%f0%9d%97%bb\/\">Seguir leyendo<\/a><\/p>\n","protected":false},"author":18471,"featured_media":8628,"comment_status":"open","ping_status":"open","sticky":false,"template":"","format":"standard","meta":{"ngg_post_thumbnail":0,"footnotes":""},"categories":[11909],"tags":[],"aioseo_notices":[],"_links":{"self":[{"href":"https:\/\/blogsaverroes.juntadeandalucia.es\/iesriberadelfardes\/wp-json\/wp\/v2\/posts\/8621"}],"collection":[{"href":"https:\/\/blogsaverroes.juntadeandalucia.es\/iesriberadelfardes\/wp-json\/wp\/v2\/posts"}],"about":[{"href":"https:\/\/blogsaverroes.juntadeandalucia.es\/iesriberadelfardes\/wp-json\/wp\/v2\/types\/post"}],"author":[{"embeddable":true,"href":"https:\/\/blogsaverroes.juntadeandalucia.es\/iesriberadelfardes\/wp-json\/wp\/v2\/users\/18471"}],"replies":[{"embeddable":true,"href":"https:\/\/blogsaverroes.juntadeandalucia.es\/iesriberadelfardes\/wp-json\/wp\/v2\/comments?post=8621"}],"version-history":[{"count":1,"href":"https:\/\/blogsaverroes.juntadeandalucia.es\/iesriberadelfardes\/wp-json\/wp\/v2\/posts\/8621\/revisions"}],"predecessor-version":[{"id":8629,"href":"https:\/\/blogsaverroes.juntadeandalucia.es\/iesriberadelfardes\/wp-json\/wp\/v2\/posts\/8621\/revisions\/8629"}],"wp:featuredmedia":[{"embeddable":true,"href":"https:\/\/blogsaverroes.juntadeandalucia.es\/iesriberadelfardes\/wp-json\/wp\/v2\/media\/8628"}],"wp:attachment":[{"href":"https:\/\/blogsaverroes.juntadeandalucia.es\/iesriberadelfardes\/wp-json\/wp\/v2\/media?parent=8621"}],"wp:term":[{"taxonomy":"category","embeddable":true,"href":"https:\/\/blogsaverroes.juntadeandalucia.es\/iesriberadelfardes\/wp-json\/wp\/v2\/categories?post=8621"},{"taxonomy":"post_tag","embeddable":true,"href":"https:\/\/blogsaverroes.juntadeandalucia.es\/iesriberadelfardes\/wp-json\/wp\/v2\/tags?post=8621"}],"curies":[{"name":"wp","href":"https:\/\/api.w.org\/{rel}","templated":true}]}}