{"id":8788,"date":"2025-03-28T08:34:28","date_gmt":"2025-03-28T08:34:28","guid":{"rendered":"https:\/\/blogsaverroes.juntadeandalucia.es\/iesriberadelfardes\/?p=8788"},"modified":"2025-03-28T08:34:28","modified_gmt":"2025-03-28T08:34:28","slug":"dia-internacional-de-la-francofonia","status":"publish","type":"post","link":"https:\/\/blogsaverroes.juntadeandalucia.es\/iesriberadelfardes\/2025\/03\/28\/dia-internacional-de-la-francofonia\/","title":{"rendered":"D\u00eda Internacional de la Francofon\u00eda"},"content":{"rendered":"<p>Hoy 20 de marzo celebramos el D\u00eda Internacional de la Francofon\u00eda, la fiesta de todas las personas del mundo que hablan franc\u00e9s. Desde el departamento de Idiomas, el alumnado de franc\u00e9s ha estado trabajando sobre ello: hemos visto los pa\u00edses de la francofon\u00eda, las principales ciudades francesas y su cultura y hasta su gastronom\u00eda<\/p>\n<p>@educaand<br \/>\n#20mars #francophonie #fle #fran\u00e7aislangueetrang\u00e8re #fran\u00e7ais #francophoniedanslemonde<\/p>\n<p>&nbsp;<\/p>\nngg_shortcode_0_placeholder\n","protected":false},"excerpt":{"rendered":"<p>Hoy 20 de marzo celebramos el D\u00eda Internacional de la Francofon\u00eda, la fiesta de todas las personas del mundo que hablan franc\u00e9s. Desde el departamento de Idiomas, el alumnado de franc\u00e9s ha estado trabajando sobre ello: hemos visto los pa\u00edses de la francofon\u00eda, las principales ciudades francesas y su cultura y hasta su gastronom\u00eda @educaand &hellip; <\/p>\n<p><a class=\"more-link btn\" href=\"https:\/\/blogsaverroes.juntadeandalucia.es\/iesriberadelfardes\/2025\/03\/28\/dia-internacional-de-la-francofonia\/\">Seguir leyendo<\/a><\/p>\n","protected":false},"author":18471,"featured_media":8795,"comment_status":"open","ping_status":"open","sticky":false,"template":"","format":"standard","meta":{"ngg_post_thumbnail":0,"footnotes":""},"categories":[11909],"tags":[],"aioseo_notices":[],"_links":{"self":[{"href":"https:\/\/blogsaverroes.juntadeandalucia.es\/iesriberadelfardes\/wp-json\/wp\/v2\/posts\/8788"}],"collection":[{"href":"https:\/\/blogsaverroes.juntadeandalucia.es\/iesriberadelfardes\/wp-json\/wp\/v2\/posts"}],"about":[{"href":"https:\/\/blogsaverroes.juntadeandalucia.es\/iesriberadelfardes\/wp-json\/wp\/v2\/types\/post"}],"author":[{"embeddable":true,"href":"https:\/\/blogsaverroes.juntadeandalucia.es\/iesriberadelfardes\/wp-json\/wp\/v2\/users\/18471"}],"replies":[{"embeddable":true,"href":"https:\/\/blogsaverroes.juntadeandalucia.es\/iesriberadelfardes\/wp-json\/wp\/v2\/comments?post=8788"}],"version-history":[{"count":1,"href":"https:\/\/blogsaverroes.juntadeandalucia.es\/iesriberadelfardes\/wp-json\/wp\/v2\/posts\/8788\/revisions"}],"predecessor-version":[{"id":8796,"href":"https:\/\/blogsaverroes.juntadeandalucia.es\/iesriberadelfardes\/wp-json\/wp\/v2\/posts\/8788\/revisions\/8796"}],"wp:featuredmedia":[{"embeddable":true,"href":"https:\/\/blogsaverroes.juntadeandalucia.es\/iesriberadelfardes\/wp-json\/wp\/v2\/media\/8795"}],"wp:attachment":[{"href":"https:\/\/blogsaverroes.juntadeandalucia.es\/iesriberadelfardes\/wp-json\/wp\/v2\/media?parent=8788"}],"wp:term":[{"taxonomy":"category","embeddable":true,"href":"https:\/\/blogsaverroes.juntadeandalucia.es\/iesriberadelfardes\/wp-json\/wp\/v2\/categories?post=8788"},{"taxonomy":"post_tag","embeddable":true,"href":"https:\/\/blogsaverroes.juntadeandalucia.es\/iesriberadelfardes\/wp-json\/wp\/v2\/tags?post=8788"}],"curies":[{"name":"wp","href":"https:\/\/api.w.org\/{rel}","templated":true}]}}