{"id":8858,"date":"2025-04-08T09:11:55","date_gmt":"2025-04-08T09:11:55","guid":{"rendered":"https:\/\/blogsaverroes.juntadeandalucia.es\/iesriberadelfardes\/?p=8858"},"modified":"2025-04-08T09:11:55","modified_gmt":"2025-04-08T09:11:55","slug":"visita-experta-erasmus","status":"publish","type":"post","link":"https:\/\/blogsaverroes.juntadeandalucia.es\/iesriberadelfardes\/2025\/04\/08\/visita-experta-erasmus\/","title":{"rendered":"Visita Experta Erasmus +"},"content":{"rendered":"<p>Continuando con la planificaci\u00f3n establecido para la visita de Georgia como experta del programa Erasmus+, en esta ocasi\u00f3n, os presentamos el taller realizado con el profesorado biling\u00fce del centro.<\/p>\n<p>Georgia ofreci\u00f3 las l\u00edneas de actuaci\u00f3n dentro del programa biling\u00fce y su plasmaci\u00f3n en Grecia.<\/p>\n<p>Un intercambio de experiencias muy positivo para todo el profesorado.<\/p>\n<p>@educaand @sepie_gob @erasmuscepguadix @erasmus_plus_projects @erasmus.es<\/p>\nngg_shortcode_0_placeholder\n","protected":false},"excerpt":{"rendered":"<p>Continuando con la planificaci\u00f3n establecido para la visita de Georgia como experta del programa Erasmus+, en esta ocasi\u00f3n, os presentamos el taller realizado con el profesorado biling\u00fce del centro. Georgia ofreci\u00f3 las l\u00edneas de actuaci\u00f3n dentro del programa biling\u00fce y su plasmaci\u00f3n en Grecia. Un intercambio de experiencias muy positivo para todo el profesorado. @educaand &hellip; <\/p>\n<p><a class=\"more-link btn\" href=\"https:\/\/blogsaverroes.juntadeandalucia.es\/iesriberadelfardes\/2025\/04\/08\/visita-experta-erasmus\/\">Seguir leyendo<\/a><\/p>\n","protected":false},"author":18471,"featured_media":8862,"comment_status":"open","ping_status":"open","sticky":false,"template":"","format":"standard","meta":{"ngg_post_thumbnail":0,"footnotes":""},"categories":[11909],"tags":[],"aioseo_notices":[],"_links":{"self":[{"href":"https:\/\/blogsaverroes.juntadeandalucia.es\/iesriberadelfardes\/wp-json\/wp\/v2\/posts\/8858"}],"collection":[{"href":"https:\/\/blogsaverroes.juntadeandalucia.es\/iesriberadelfardes\/wp-json\/wp\/v2\/posts"}],"about":[{"href":"https:\/\/blogsaverroes.juntadeandalucia.es\/iesriberadelfardes\/wp-json\/wp\/v2\/types\/post"}],"author":[{"embeddable":true,"href":"https:\/\/blogsaverroes.juntadeandalucia.es\/iesriberadelfardes\/wp-json\/wp\/v2\/users\/18471"}],"replies":[{"embeddable":true,"href":"https:\/\/blogsaverroes.juntadeandalucia.es\/iesriberadelfardes\/wp-json\/wp\/v2\/comments?post=8858"}],"version-history":[{"count":1,"href":"https:\/\/blogsaverroes.juntadeandalucia.es\/iesriberadelfardes\/wp-json\/wp\/v2\/posts\/8858\/revisions"}],"predecessor-version":[{"id":8863,"href":"https:\/\/blogsaverroes.juntadeandalucia.es\/iesriberadelfardes\/wp-json\/wp\/v2\/posts\/8858\/revisions\/8863"}],"wp:featuredmedia":[{"embeddable":true,"href":"https:\/\/blogsaverroes.juntadeandalucia.es\/iesriberadelfardes\/wp-json\/wp\/v2\/media\/8862"}],"wp:attachment":[{"href":"https:\/\/blogsaverroes.juntadeandalucia.es\/iesriberadelfardes\/wp-json\/wp\/v2\/media?parent=8858"}],"wp:term":[{"taxonomy":"category","embeddable":true,"href":"https:\/\/blogsaverroes.juntadeandalucia.es\/iesriberadelfardes\/wp-json\/wp\/v2\/categories?post=8858"},{"taxonomy":"post_tag","embeddable":true,"href":"https:\/\/blogsaverroes.juntadeandalucia.es\/iesriberadelfardes\/wp-json\/wp\/v2\/tags?post=8858"}],"curies":[{"name":"wp","href":"https:\/\/api.w.org\/{rel}","templated":true}]}}