{"id":4528,"date":"2025-03-07T12:49:48","date_gmt":"2025-03-07T11:49:48","guid":{"rendered":"https:\/\/blogsaverroes.juntadeandalucia.es\/iesrioandara\/?p=4528"},"modified":"2025-06-23T10:01:02","modified_gmt":"2025-06-23T09:01:02","slug":"4528-2","status":"publish","type":"post","link":"https:\/\/blogsaverroes.juntadeandalucia.es\/iesrioandara\/4528-2\/","title":{"rendered":"Reviviendo la historia: Taller de edici\u00f3n de fotograf\u00edas antiguas del Puche en las Jornadas Culturales"},"content":{"rendered":"<p data-sourcepos=\"5:1-5:396\">Durante las recientes Jornadas Culturales del IES R\u00edo Andarax, los alumnos tuvieron la oportunidad de sumergirse en la historia de su propio barrio a trav\u00e9s de un emotivo taller de edici\u00f3n de fotograf\u00edas antiguas del Puche. La actividad, que despert\u00f3 gran inter\u00e9s entre los estudiantes, tuvo como objetivo principal rescatar y dar a conocer el valioso legado patrimonial de esta emblem\u00e1tica zona.<\/p>\n<p data-sourcepos=\"7:1-7:347\">El taller, organizado para las V jornadas culturales, permiti\u00f3 a los alumnos explorar un archivo fotogr\u00e1fico \u00fanico, que mostraba im\u00e1genes del Puche en diferentes \u00e9pocas. Con la ayuda de herramientas de edici\u00f3n digital, los estudiantes trabajaron para restaurar y mejorar estas fotograf\u00edas, devolvi\u00e9ndoles su esplendor original, adem\u00e1s de realizar fotomontajes para su pr\u00f3xima exposici\u00f3n.<\/p>\n<p data-sourcepos=\"9:1-9:378\">M\u00e1s all\u00e1 de la t\u00e9cnica, el taller fue un viaje en el tiempo donde se descubri\u00f3 la reiqueza del patrimonio del barrio,&nbsp; donde los alumnos pudieron conectar con las ra\u00edces de su comunidad, conocer las historias de sus antepasados y comprender la evoluci\u00f3n del barrio. Las im\u00e1genes revelaron la transformaci\u00f3n del Puche a lo largo de los a\u00f1os, desde sus inicios hasta la actualidad, mostrando la riqueza de su patrimonio cultural y social.<\/p>\n<p data-sourcepos=\"11:1-11:217\">El resultado del taller fue una valiosa colecci\u00f3n de fotograf\u00edas restauradas, que ahora forman parte del patrimonio del IES R\u00edo Andarax y que servir\u00e1n para preservar la memoria del Puche para las futuras generaciones.<\/p>\n<p data-sourcepos=\"13:1-13:20\"><strong>Agradecimientos:<\/strong><\/p>\n<p data-sourcepos=\"15:1-15:253\">Queremos agradecer a [nombres de los organizadores o colaboradores] por su dedicaci\u00f3n y entusiasmo en la organizaci\u00f3n de este taller tan especial. Tambi\u00e9n agradecemos a todos los alumnos por su participaci\u00f3n y por su inter\u00e9s en la historia de su barrio.<\/p>\n<p data-sourcepos=\"17:1-17:21\"><strong>Galer\u00eda de fotos:<\/strong><\/p>\n<p data-sourcepos=\"17:1-17:21\"><img loading=\"lazy\" decoding=\"async\" class=\"alignleft size-medium wp-image-4529\" src=\"https:\/\/blogsaverroes.juntadeandalucia.es\/iesrioandara\/files\/2025\/03\/1e73be4d-0a19-46ca-9109-9c8e62f60f7b-226x300.jpeg\" alt=\"\" width=\"226\" height=\"300\"> <img loading=\"lazy\" decoding=\"async\" class=\"alignleft size-medium wp-image-4530\" src=\"https:\/\/blogsaverroes.juntadeandalucia.es\/iesrioandara\/files\/2025\/03\/d1e972d1-651c-4e9f-ac2f-1ffa7009202c-226x300.jpeg\" alt=\"\" width=\"226\" height=\"300\"> <img loading=\"lazy\" decoding=\"async\" class=\"alignleft size-medium wp-image-4531\" src=\"https:\/\/blogsaverroes.juntadeandalucia.es\/iesrioandara\/files\/2025\/03\/d7d2cce5-7d02-47d4-aaed-97dd2ab1361e-300x226.jpeg\" alt=\"\" width=\"300\" height=\"226\"> <img loading=\"lazy\" decoding=\"async\" class=\"alignleft size-medium wp-image-4532\" src=\"https:\/\/blogsaverroes.juntadeandalucia.es\/iesrioandara\/files\/2025\/03\/f8586368-e0dd-4cea-b6bb-9473a4630908-300x226.jpeg\" alt=\"\" width=\"300\" height=\"226\"><\/p>\n","protected":false},"excerpt":{"rendered":"<p>Durante las recientes Jornadas Culturales del IES R\u00edo Andarax, los alumnos tuvieron la oportunidad de sumergirse en la historia de su propio barrio a trav\u00e9s de un emotivo taller de edici\u00f3n de fotograf\u00edas antiguas del Puche. La actividad, que despert\u00f3 gran inter\u00e9s entre los estudiantes, tuvo como objetivo principal rescatar y dar a conocer el [&hellip;]<\/p>\n","protected":false},"author":17153,"featured_media":0,"comment_status":"closed","ping_status":"open","sticky":false,"template":"","format":"standard","meta":{"_et_pb_use_builder":"","_et_pb_old_content":"","_et_gb_content_width":"","ngg_post_thumbnail":0,"footnotes":""},"categories":[20,15],"tags":[],"aioseo_notices":[],"_links":{"self":[{"href":"https:\/\/blogsaverroes.juntadeandalucia.es\/iesrioandara\/wp-json\/wp\/v2\/posts\/4528"}],"collection":[{"href":"https:\/\/blogsaverroes.juntadeandalucia.es\/iesrioandara\/wp-json\/wp\/v2\/posts"}],"about":[{"href":"https:\/\/blogsaverroes.juntadeandalucia.es\/iesrioandara\/wp-json\/wp\/v2\/types\/post"}],"author":[{"embeddable":true,"href":"https:\/\/blogsaverroes.juntadeandalucia.es\/iesrioandara\/wp-json\/wp\/v2\/users\/17153"}],"replies":[{"embeddable":true,"href":"https:\/\/blogsaverroes.juntadeandalucia.es\/iesrioandara\/wp-json\/wp\/v2\/comments?post=4528"}],"version-history":[{"count":2,"href":"https:\/\/blogsaverroes.juntadeandalucia.es\/iesrioandara\/wp-json\/wp\/v2\/posts\/4528\/revisions"}],"predecessor-version":[{"id":4534,"href":"https:\/\/blogsaverroes.juntadeandalucia.es\/iesrioandara\/wp-json\/wp\/v2\/posts\/4528\/revisions\/4534"}],"wp:attachment":[{"href":"https:\/\/blogsaverroes.juntadeandalucia.es\/iesrioandara\/wp-json\/wp\/v2\/media?parent=4528"}],"wp:term":[{"taxonomy":"category","embeddable":true,"href":"https:\/\/blogsaverroes.juntadeandalucia.es\/iesrioandara\/wp-json\/wp\/v2\/categories?post=4528"},{"taxonomy":"post_tag","embeddable":true,"href":"https:\/\/blogsaverroes.juntadeandalucia.es\/iesrioandara\/wp-json\/wp\/v2\/tags?post=4528"}],"curies":[{"name":"wp","href":"https:\/\/api.w.org\/{rel}","templated":true}]}}